{"id":3343,"date":"2016-11-26T15:07:41","date_gmt":"2016-11-26T13:07:41","guid":{"rendered":"https:\/\/fabijennas-seeleninsel.de\/wordpress\/?p=3343"},"modified":"2016-11-26T15:07:41","modified_gmt":"2016-11-26T13:07:41","slug":"hanas-1-advent-lebkuchen","status":"publish","type":"post","link":"https:\/\/fabijennas-seeleninsel.de\/wordpress\/hanas-1-advent-lebkuchen\/","title":{"rendered":"Hanas 1 Advent Lebkuchen"},"content":{"rendered":"<p>Hanas 1 Advent Lebkuchen ( Vegan)<br \/>\n2 Tassen doppelgriffiges Mehl<br \/>\n7 L\u00f6ffel Kokos Bl\u00fcten Zucker<br \/>\n4 Essl\u00f6ffel AgavenSirup<br \/>\n2 Ersatzeier (nach Packunganleitung zubereiten)<br \/>\n3 Essl\u00f6ffel schwarzen Kakao<br \/>\n1 P\u00e4ckchen Backpulver<br \/>\n1 P\u00e4ckchen LebKuchen Gew\u00fcrz<br \/>\n2 Tassen pflanzlichen Milch<br \/>\nHalbe Tasse Traubenkern\u00f6l Sollte der Teig noch ein wenig fest sein dann noch ein wenig Milch zu zuf\u00fcgen.<br \/>\nBackblech mit \u00d6l bestreichen und mit Doppelgriffiges Mehl bestreuen<br \/>\nBeim 180\u00b0 Umluft im Ofen backen<br \/>\nNach ausk\u00fchlen mit Schokolade Glasur bestreichen und mit Kokos bestreuen ??<br \/>\nIst soooo lecker ? Wir werden nicht bis morgen warten ?<br \/>\nViel Spa\u00df beim ausprobieren<\/p>\n<p>&nbsp;<\/p>\n<p><a href=\"https:\/\/fabijennas-seeleninsel.de\/wordpress\/wp-content\/uploads\/2016\/11\/IMG_6002.jpg\"><img loading=\"lazy\" class=\"alignnone size-medium wp-image-3344\" src=\"https:\/\/fabijennas-seeleninsel.de\/wordpress\/wp-content\/uploads\/2016\/11\/IMG_6002-640x427.jpg\" alt=\"img_6002\" width=\"640\" height=\"427\" data-wp-pid=\"3344\" srcset=\"https:\/\/fabijennas-seeleninsel.de\/wordpress\/wp-content\/uploads\/2016\/11\/IMG_6002-640x427.jpg 640w, https:\/\/fabijennas-seeleninsel.de\/wordpress\/wp-content\/uploads\/2016\/11\/IMG_6002-1024x683.jpg 1024w, https:\/\/fabijennas-seeleninsel.de\/wordpress\/wp-content\/uploads\/2016\/11\/IMG_6002-140x94.jpg 140w, https:\/\/fabijennas-seeleninsel.de\/wordpress\/wp-content\/uploads\/2016\/11\/IMG_6002-800x533.jpg 800w, https:\/\/fabijennas-seeleninsel.de\/wordpress\/wp-content\/uploads\/2016\/11\/IMG_6002.jpg 1920w\" sizes=\"(max-width: 640px) 100vw, 640px\" \/><\/a><\/p>\n","protected":false},"excerpt":{"rendered":"<p>Hanas 1 Advent Lebkuchen ( Vegan) 2 Tassen doppelgriffiges Mehl 7 L\u00f6ffel Kokos Bl\u00fcten Zucker 4 Essl\u00f6ffel AgavenSirup 2 Ersatzeier (nach Packunganleitung zubereiten) 3 Essl\u00f6ffel schwarzen Kakao 1 P\u00e4ckchen Backpulver 1 P\u00e4ckchen LebKuchen Gew\u00fcrz 2 Tassen pflanzlichen Milch Halbe Tasse Traubenkern\u00f6l Sollte der Teig noch ein wenig fest sein dann noch ein wenig Milch zu [&hellip;]<\/p>\n","protected":false},"author":3,"featured_media":3344,"comment_status":"closed","ping_status":"open","sticky":false,"template":"","format":"standard","meta":{"_et_pb_use_builder":"","_et_pb_old_content":"","_et_gb_content_width":""},"categories":[1],"tags":[],"_links":{"self":[{"href":"https:\/\/fabijennas-seeleninsel.de\/wordpress\/wp-json\/wp\/v2\/posts\/3343"}],"collection":[{"href":"https:\/\/fabijennas-seeleninsel.de\/wordpress\/wp-json\/wp\/v2\/posts"}],"about":[{"href":"https:\/\/fabijennas-seeleninsel.de\/wordpress\/wp-json\/wp\/v2\/types\/post"}],"author":[{"embeddable":true,"href":"https:\/\/fabijennas-seeleninsel.de\/wordpress\/wp-json\/wp\/v2\/users\/3"}],"replies":[{"embeddable":true,"href":"https:\/\/fabijennas-seeleninsel.de\/wordpress\/wp-json\/wp\/v2\/comments?post=3343"}],"version-history":[{"count":1,"href":"https:\/\/fabijennas-seeleninsel.de\/wordpress\/wp-json\/wp\/v2\/posts\/3343\/revisions"}],"predecessor-version":[{"id":3345,"href":"https:\/\/fabijennas-seeleninsel.de\/wordpress\/wp-json\/wp\/v2\/posts\/3343\/revisions\/3345"}],"wp:featuredmedia":[{"embeddable":true,"href":"https:\/\/fabijennas-seeleninsel.de\/wordpress\/wp-json\/wp\/v2\/media\/3344"}],"wp:attachment":[{"href":"https:\/\/fabijennas-seeleninsel.de\/wordpress\/wp-json\/wp\/v2\/media?parent=3343"}],"wp:term":[{"taxonomy":"category","embeddable":true,"href":"https:\/\/fabijennas-seeleninsel.de\/wordpress\/wp-json\/wp\/v2\/categories?post=3343"},{"taxonomy":"post_tag","embeddable":true,"href":"https:\/\/fabijennas-seeleninsel.de\/wordpress\/wp-json\/wp\/v2\/tags?post=3343"}],"curies":[{"name":"wp","href":"https:\/\/api.w.org\/{rel}","templated":true}]}}