{"id":3347,"date":"2016-12-01T12:27:12","date_gmt":"2016-12-01T10:27:12","guid":{"rendered":"https:\/\/fabijennas-seeleninsel.de\/wordpress\/?p=3347"},"modified":"2016-12-01T12:27:12","modified_gmt":"2016-12-01T10:27:12","slug":"seelenstein-lebensfluss","status":"publish","type":"post","link":"https:\/\/fabijennas-seeleninsel.de\/wordpress\/seelenstein-lebensfluss\/","title":{"rendered":"Seelenstein: Lebensfluss"},"content":{"rendered":"<p>Seelenstein\/ Seelengefl\u00fcster: Lebensfluss<br \/>\n\u201eDas Leben ist so wie ein Fluss, den man allein durchqueren muss. Die M\u00fcndung ist die Ewigkeit, dazwischen liegen Raum und Zeit. Man muss ein guter Schwimmer sein, taucht man im Lebensstrudel ein. Mal schwimmt man oben auf den Wogen, mal wird man tief hinab gezogen. Bei Wolkenbruch und Sturmgewalten gilt\u2018s \u00fcber Wasser sich zu halten. Doch flie\u00dft das Wasser ruhig und klar, vergessen wir auch die Gefahr. Der Lebensfluss, der uns gegeben, bedeutet schwimmen, tauchen, leben.\u201c(Verfasser unbekannt)<\/p>\n<p>Vielleicht h\u00f6rst du die Seelengefl\u00fcster und m\u00f6chtest du diesen wundervolle Seelenstein bei dir haben.<br \/>\n\u2764\ufe0f\u2764\ufe0f\u2764\ufe0f\u2764\ufe0f<br \/>\nIch w\u00fcnsche euch ein zauberhaften Dezember Tag \u2764\ufe0f<\/p>\n<p>Energieausgleich: 39 Euro+ Versand<\/p>\n<p>&nbsp;<\/p>\n<p><a href=\"https:\/\/fabijennas-seeleninsel.de\/wordpress\/wp-content\/uploads\/2016\/12\/15192544_1203640513048247_5732255904480612947_n.jpg\"><img loading=\"lazy\" class=\"alignnone size-medium wp-image-3348\" src=\"https:\/\/fabijennas-seeleninsel.de\/wordpress\/wp-content\/uploads\/2016\/12\/15192544_1203640513048247_5732255904480612947_n-640x480.jpg\" alt=\"15192544_1203640513048247_5732255904480612947_n\" width=\"640\" height=\"480\" data-wp-pid=\"3348\" srcset=\"https:\/\/fabijennas-seeleninsel.de\/wordpress\/wp-content\/uploads\/2016\/12\/15192544_1203640513048247_5732255904480612947_n-640x480.jpg 640w, https:\/\/fabijennas-seeleninsel.de\/wordpress\/wp-content\/uploads\/2016\/12\/15192544_1203640513048247_5732255904480612947_n-800x600.jpg 800w, https:\/\/fabijennas-seeleninsel.de\/wordpress\/wp-content\/uploads\/2016\/12\/15192544_1203640513048247_5732255904480612947_n.jpg 960w\" sizes=\"(max-width: 640px) 100vw, 640px\" \/><\/a><\/p>\n","protected":false},"excerpt":{"rendered":"<p>Seelenstein\/ Seelengefl\u00fcster: Lebensfluss \u201eDas Leben ist so wie ein Fluss, den man allein durchqueren muss. Die M\u00fcndung ist die Ewigkeit, dazwischen liegen Raum und Zeit. Man muss ein guter Schwimmer sein, taucht man im Lebensstrudel ein. Mal schwimmt man oben auf den Wogen, mal wird man tief hinab gezogen. Bei Wolkenbruch und Sturmgewalten gilt\u2018s \u00fcber [&hellip;]<\/p>\n","protected":false},"author":3,"featured_media":3348,"comment_status":"closed","ping_status":"open","sticky":false,"template":"","format":"standard","meta":{"_et_pb_use_builder":"","_et_pb_old_content":"","_et_gb_content_width":""},"categories":[1,14],"tags":[],"_links":{"self":[{"href":"https:\/\/fabijennas-seeleninsel.de\/wordpress\/wp-json\/wp\/v2\/posts\/3347"}],"collection":[{"href":"https:\/\/fabijennas-seeleninsel.de\/wordpress\/wp-json\/wp\/v2\/posts"}],"about":[{"href":"https:\/\/fabijennas-seeleninsel.de\/wordpress\/wp-json\/wp\/v2\/types\/post"}],"author":[{"embeddable":true,"href":"https:\/\/fabijennas-seeleninsel.de\/wordpress\/wp-json\/wp\/v2\/users\/3"}],"replies":[{"embeddable":true,"href":"https:\/\/fabijennas-seeleninsel.de\/wordpress\/wp-json\/wp\/v2\/comments?post=3347"}],"version-history":[{"count":1,"href":"https:\/\/fabijennas-seeleninsel.de\/wordpress\/wp-json\/wp\/v2\/posts\/3347\/revisions"}],"predecessor-version":[{"id":3349,"href":"https:\/\/fabijennas-seeleninsel.de\/wordpress\/wp-json\/wp\/v2\/posts\/3347\/revisions\/3349"}],"wp:featuredmedia":[{"embeddable":true,"href":"https:\/\/fabijennas-seeleninsel.de\/wordpress\/wp-json\/wp\/v2\/media\/3348"}],"wp:attachment":[{"href":"https:\/\/fabijennas-seeleninsel.de\/wordpress\/wp-json\/wp\/v2\/media?parent=3347"}],"wp:term":[{"taxonomy":"category","embeddable":true,"href":"https:\/\/fabijennas-seeleninsel.de\/wordpress\/wp-json\/wp\/v2\/categories?post=3347"},{"taxonomy":"post_tag","embeddable":true,"href":"https:\/\/fabijennas-seeleninsel.de\/wordpress\/wp-json\/wp\/v2\/tags?post=3347"}],"curies":[{"name":"wp","href":"https:\/\/api.w.org\/{rel}","templated":true}]}}