{"id":3350,"date":"2016-12-01T12:30:22","date_gmt":"2016-12-01T10:30:22","guid":{"rendered":"https:\/\/fabijennas-seeleninsel.de\/wordpress\/?p=3350"},"modified":"2016-12-01T12:30:22","modified_gmt":"2016-12-01T10:30:22","slug":"kartoffel-paprikasuppe-mit","status":"publish","type":"post","link":"https:\/\/fabijennas-seeleninsel.de\/wordpress\/kartoffel-paprikasuppe-mit\/","title":{"rendered":"Kartoffel-Paprikasuppe mit &#8230;"},"content":{"rendered":"<p>Ich liebe es wenn meine Seele sich kreativ ausdehnen darf. Hier ist wieder ein Veganes Rezept von mir ?<\/p>\n<p>&nbsp;<\/p>\n<p>Kartoffel-Paprikasuppe mit Hackb\u00e4llchen ( Vegan)<br \/>\n1 Zwiebel sch\u00e4len und in W\u00fcrfel schneiden<br \/>\n1 Knoblauchzehe sch\u00e4len und in W\u00fcrfel schneiden<br \/>\n600 g Kartoffeln sch\u00e4len und in W\u00fcrfel schneiden<br \/>\n2 rote Paprika putzen und in feine W\u00fcrfel schneiden<br \/>\n1 gelbe Paprika W\u00fcrfel schneiden<br \/>\n1 geh\u00e4ufter Essl\u00f6ffel \u00d6l Kokos\u00f6l<br \/>\n1 TL ger\u00e4ucherte Paprikapulver<br \/>\n2,5 L Gem\u00fcseBr\u00fche<br \/>\nSalz, Pfeffer<br \/>\n150 ml pflanzliche Sahne<br \/>\nB\u00e4llchen<br \/>\n175 g ger\u00e4ucherter Tofu fein reiben<br \/>\n1 Tasse Reis nach Packungsanleitung zubereiten<br \/>\n2 Ersatzeier nach Packungsanleitung zubereiten<br \/>\n2 Essl\u00f6ffel gehackte Petersilie<br \/>\nSalz,Pfeffer,Gem\u00fcse Br\u00fche Pulver,ger\u00e4ucherte Paprikapulver<br \/>\n1 Essl\u00f6ffel Speisest\u00e4rke<br \/>\nAlles miteinander vermischen und B\u00e4llchen formen.<br \/>\nKokos\u00f6l im Topf erhitzen Zwiebel und Knoblauch anbraten. W\u00fcrfel von eine rote Paprika Kartoffelnw\u00fcrfeln von dazu geben und noch ein wenig mit braten.<br \/>\nMit ger\u00e4ucherte Paprikapulver bestreuen und noch ein wenig anbraten. Gem\u00fcseBr\u00fche dazu geben und kochen bis die Gem\u00fcse weich ist.Alles Mixen die geformte B\u00e4llchen, W\u00fcrfel von eine gelbe und rote Paprika dazu geben und kochen bis alles gar ist. 100 ml. Sahne dazu geben und noch einmal aufkochen.<br \/>\nDie Suppe nochmal abschmecken.<br \/>\nDie Suppe in den Teller geben und mit Petersilie bestreuen ?<br \/>\nGuten Appetit ?<\/p>\n<p>&nbsp;<\/p>\n<p><a href=\"https:\/\/fabijennas-seeleninsel.de\/wordpress\/wp-content\/uploads\/2016\/12\/15171300_1491373254210119_5560354955806840339_n.jpg\"><img loading=\"lazy\" class=\"alignnone size-medium wp-image-3351\" src=\"https:\/\/fabijennas-seeleninsel.de\/wordpress\/wp-content\/uploads\/2016\/12\/15171300_1491373254210119_5560354955806840339_n-640x480.jpg\" alt=\"15171300_1491373254210119_5560354955806840339_n\" width=\"640\" height=\"480\" data-wp-pid=\"3351\" srcset=\"https:\/\/fabijennas-seeleninsel.de\/wordpress\/wp-content\/uploads\/2016\/12\/15171300_1491373254210119_5560354955806840339_n-640x480.jpg 640w, https:\/\/fabijennas-seeleninsel.de\/wordpress\/wp-content\/uploads\/2016\/12\/15171300_1491373254210119_5560354955806840339_n-800x600.jpg 800w, https:\/\/fabijennas-seeleninsel.de\/wordpress\/wp-content\/uploads\/2016\/12\/15171300_1491373254210119_5560354955806840339_n.jpg 960w\" sizes=\"(max-width: 640px) 100vw, 640px\" \/><\/a><\/p>\n","protected":false},"excerpt":{"rendered":"<p>Ich liebe es wenn meine Seele sich kreativ ausdehnen darf. Hier ist wieder ein Veganes Rezept von mir ? &nbsp; Kartoffel-Paprikasuppe mit Hackb\u00e4llchen ( Vegan) 1 Zwiebel sch\u00e4len und in W\u00fcrfel schneiden 1 Knoblauchzehe sch\u00e4len und in W\u00fcrfel schneiden 600 g Kartoffeln sch\u00e4len und in W\u00fcrfel schneiden 2 rote Paprika putzen und in feine W\u00fcrfel [&hellip;]<\/p>\n","protected":false},"author":3,"featured_media":3351,"comment_status":"closed","ping_status":"open","sticky":false,"template":"","format":"standard","meta":{"_et_pb_use_builder":"","_et_pb_old_content":"","_et_gb_content_width":""},"categories":[1],"tags":[],"_links":{"self":[{"href":"https:\/\/fabijennas-seeleninsel.de\/wordpress\/wp-json\/wp\/v2\/posts\/3350"}],"collection":[{"href":"https:\/\/fabijennas-seeleninsel.de\/wordpress\/wp-json\/wp\/v2\/posts"}],"about":[{"href":"https:\/\/fabijennas-seeleninsel.de\/wordpress\/wp-json\/wp\/v2\/types\/post"}],"author":[{"embeddable":true,"href":"https:\/\/fabijennas-seeleninsel.de\/wordpress\/wp-json\/wp\/v2\/users\/3"}],"replies":[{"embeddable":true,"href":"https:\/\/fabijennas-seeleninsel.de\/wordpress\/wp-json\/wp\/v2\/comments?post=3350"}],"version-history":[{"count":1,"href":"https:\/\/fabijennas-seeleninsel.de\/wordpress\/wp-json\/wp\/v2\/posts\/3350\/revisions"}],"predecessor-version":[{"id":3352,"href":"https:\/\/fabijennas-seeleninsel.de\/wordpress\/wp-json\/wp\/v2\/posts\/3350\/revisions\/3352"}],"wp:featuredmedia":[{"embeddable":true,"href":"https:\/\/fabijennas-seeleninsel.de\/wordpress\/wp-json\/wp\/v2\/media\/3351"}],"wp:attachment":[{"href":"https:\/\/fabijennas-seeleninsel.de\/wordpress\/wp-json\/wp\/v2\/media?parent=3350"}],"wp:term":[{"taxonomy":"category","embeddable":true,"href":"https:\/\/fabijennas-seeleninsel.de\/wordpress\/wp-json\/wp\/v2\/categories?post=3350"},{"taxonomy":"post_tag","embeddable":true,"href":"https:\/\/fabijennas-seeleninsel.de\/wordpress\/wp-json\/wp\/v2\/tags?post=3350"}],"curies":[{"name":"wp","href":"https:\/\/api.w.org\/{rel}","templated":true}]}}