{"id":3403,"date":"2016-12-29T15:32:05","date_gmt":"2016-12-29T13:32:05","guid":{"rendered":"https:\/\/fabijennas-seeleninsel.de\/wordpress\/?p=3403"},"modified":"2016-12-29T15:32:05","modified_gmt":"2016-12-29T13:32:05","slug":"magie-heilstein-die-hueterin-des-inneren","status":"publish","type":"post","link":"https:\/\/fabijennas-seeleninsel.de\/wordpress\/magie-heilstein-die-hueterin-des-inneren\/","title":{"rendered":"Magie\/ Heilstein : Die H\u00fcterin des Inneren"},"content":{"rendered":"<p>Magie\/ Heilstein : Die H\u00fcterin des Inneren.<\/p>\n<p>Ich ziehe durch die W\u00e4lder seit Urzeiten.<br \/>\nIch trage in mir das alte Wissen.<br \/>\nIch ber\u00fchre dich mit meiner Magie die in deiner Seele erklingt. Ich beh\u00fcte den Schatz in dir, \u00f6ffne dich f\u00fcr ihn .Nehme dir Zeit f\u00fcr dich und bleibe in der Stille.<br \/>\n\u00d6ffne die Arme und empfange.<br \/>\n\u00d6ffne das Herz und lass es singen.<br \/>\nWandere durch die Dunkelheit ohne Angst.<br \/>\nDie Angst ist eine Illusion die ist nicht real.<br \/>\nAngst ist der grauer Schleier \u00fcber dich der dich kontrolliert und manipuliert.<br \/>\nIch wandere durch den dichten Nebel und ber\u00fchre ihn mit meinem Licht.<br \/>\nIch ber\u00fchre DICH jetzt .\u2764\ufe0f<\/p>\n<p>Vielleicht findet die H\u00fcterin bald ihr neues zu Hause<\/p>\n<p>Mit Liebe und F\u00fchrung meines Spirits gemalt und geschrieben.<\/p>\n<p>Energieasgleich: 75 Euro<\/p>\n<p>&nbsp;<\/p>\n<p><a href=\"https:\/\/fabijennas-seeleninsel.de\/wordpress\/wp-content\/uploads\/2016\/12\/IMG_6137.jpg\"><img loading=\"lazy\" class=\"alignnone size-medium wp-image-3404\" src=\"https:\/\/fabijennas-seeleninsel.de\/wordpress\/wp-content\/uploads\/2016\/12\/IMG_6137-640x427.jpg\" alt=\"img_6137\" width=\"640\" height=\"427\" data-wp-pid=\"3404\" srcset=\"https:\/\/fabijennas-seeleninsel.de\/wordpress\/wp-content\/uploads\/2016\/12\/IMG_6137-640x427.jpg 640w, https:\/\/fabijennas-seeleninsel.de\/wordpress\/wp-content\/uploads\/2016\/12\/IMG_6137-1024x683.jpg 1024w, https:\/\/fabijennas-seeleninsel.de\/wordpress\/wp-content\/uploads\/2016\/12\/IMG_6137-140x94.jpg 140w, https:\/\/fabijennas-seeleninsel.de\/wordpress\/wp-content\/uploads\/2016\/12\/IMG_6137-800x533.jpg 800w, https:\/\/fabijennas-seeleninsel.de\/wordpress\/wp-content\/uploads\/2016\/12\/IMG_6137.jpg 1920w\" sizes=\"(max-width: 640px) 100vw, 640px\" \/><\/a> <a href=\"https:\/\/fabijennas-seeleninsel.de\/wordpress\/wp-content\/uploads\/2016\/12\/IMG_6144.jpg\"><img loading=\"lazy\" class=\"alignnone size-medium wp-image-3405\" src=\"https:\/\/fabijennas-seeleninsel.de\/wordpress\/wp-content\/uploads\/2016\/12\/IMG_6144-640x427.jpg\" alt=\"img_6144\" width=\"640\" height=\"427\" data-wp-pid=\"3405\" srcset=\"https:\/\/fabijennas-seeleninsel.de\/wordpress\/wp-content\/uploads\/2016\/12\/IMG_6144-640x427.jpg 640w, https:\/\/fabijennas-seeleninsel.de\/wordpress\/wp-content\/uploads\/2016\/12\/IMG_6144-1024x683.jpg 1024w, https:\/\/fabijennas-seeleninsel.de\/wordpress\/wp-content\/uploads\/2016\/12\/IMG_6144-140x94.jpg 140w, https:\/\/fabijennas-seeleninsel.de\/wordpress\/wp-content\/uploads\/2016\/12\/IMG_6144-800x533.jpg 800w, https:\/\/fabijennas-seeleninsel.de\/wordpress\/wp-content\/uploads\/2016\/12\/IMG_6144.jpg 1920w\" sizes=\"(max-width: 640px) 100vw, 640px\" \/><\/a> <a href=\"https:\/\/fabijennas-seeleninsel.de\/wordpress\/wp-content\/uploads\/2016\/12\/IMG_6149.jpg\"><img loading=\"lazy\" class=\"alignnone size-medium wp-image-3406\" src=\"https:\/\/fabijennas-seeleninsel.de\/wordpress\/wp-content\/uploads\/2016\/12\/IMG_6149-640x427.jpg\" alt=\"img_6149\" width=\"640\" height=\"427\" data-wp-pid=\"3406\" srcset=\"https:\/\/fabijennas-seeleninsel.de\/wordpress\/wp-content\/uploads\/2016\/12\/IMG_6149-640x427.jpg 640w, https:\/\/fabijennas-seeleninsel.de\/wordpress\/wp-content\/uploads\/2016\/12\/IMG_6149-1024x683.jpg 1024w, https:\/\/fabijennas-seeleninsel.de\/wordpress\/wp-content\/uploads\/2016\/12\/IMG_6149-140x94.jpg 140w, https:\/\/fabijennas-seeleninsel.de\/wordpress\/wp-content\/uploads\/2016\/12\/IMG_6149-800x533.jpg 800w, https:\/\/fabijennas-seeleninsel.de\/wordpress\/wp-content\/uploads\/2016\/12\/IMG_6149.jpg 1920w\" sizes=\"(max-width: 640px) 100vw, 640px\" \/><\/a><\/p>\n","protected":false},"excerpt":{"rendered":"<p>Magie\/ Heilstein : Die H\u00fcterin des Inneren. Ich ziehe durch die W\u00e4lder seit Urzeiten. Ich trage in mir das alte Wissen. Ich ber\u00fchre dich mit meiner Magie die in deiner Seele erklingt. Ich beh\u00fcte den Schatz in dir, \u00f6ffne dich f\u00fcr ihn .Nehme dir Zeit f\u00fcr dich und bleibe in der Stille. \u00d6ffne die Arme [&hellip;]<\/p>\n","protected":false},"author":3,"featured_media":3404,"comment_status":"closed","ping_status":"open","sticky":false,"template":"","format":"standard","meta":{"_et_pb_use_builder":"","_et_pb_old_content":"","_et_gb_content_width":""},"categories":[1,14],"tags":[],"_links":{"self":[{"href":"https:\/\/fabijennas-seeleninsel.de\/wordpress\/wp-json\/wp\/v2\/posts\/3403"}],"collection":[{"href":"https:\/\/fabijennas-seeleninsel.de\/wordpress\/wp-json\/wp\/v2\/posts"}],"about":[{"href":"https:\/\/fabijennas-seeleninsel.de\/wordpress\/wp-json\/wp\/v2\/types\/post"}],"author":[{"embeddable":true,"href":"https:\/\/fabijennas-seeleninsel.de\/wordpress\/wp-json\/wp\/v2\/users\/3"}],"replies":[{"embeddable":true,"href":"https:\/\/fabijennas-seeleninsel.de\/wordpress\/wp-json\/wp\/v2\/comments?post=3403"}],"version-history":[{"count":1,"href":"https:\/\/fabijennas-seeleninsel.de\/wordpress\/wp-json\/wp\/v2\/posts\/3403\/revisions"}],"predecessor-version":[{"id":3407,"href":"https:\/\/fabijennas-seeleninsel.de\/wordpress\/wp-json\/wp\/v2\/posts\/3403\/revisions\/3407"}],"wp:featuredmedia":[{"embeddable":true,"href":"https:\/\/fabijennas-seeleninsel.de\/wordpress\/wp-json\/wp\/v2\/media\/3404"}],"wp:attachment":[{"href":"https:\/\/fabijennas-seeleninsel.de\/wordpress\/wp-json\/wp\/v2\/media?parent=3403"}],"wp:term":[{"taxonomy":"category","embeddable":true,"href":"https:\/\/fabijennas-seeleninsel.de\/wordpress\/wp-json\/wp\/v2\/categories?post=3403"},{"taxonomy":"post_tag","embeddable":true,"href":"https:\/\/fabijennas-seeleninsel.de\/wordpress\/wp-json\/wp\/v2\/tags?post=3403"}],"curies":[{"name":"wp","href":"https:\/\/api.w.org\/{rel}","templated":true}]}}