{"id":3420,"date":"2017-01-02T21:21:15","date_gmt":"2017-01-02T19:21:15","guid":{"rendered":"https:\/\/fabijennas-seeleninsel.de\/wordpress\/?p=3420"},"modified":"2017-01-02T21:21:15","modified_gmt":"2017-01-02T19:21:15","slug":"wir-wuenschen-euch","status":"publish","type":"post","link":"https:\/\/fabijennas-seeleninsel.de\/wordpress\/wir-wuenschen-euch\/","title":{"rendered":"Wir w\u00fcnschen euch&#8230;."},"content":{"rendered":"<p>Wir w\u00fcnschen euch einen gesundes, gl\u00fcckliches und ein kreatives neues Jahr 2017.<br \/>\nM\u00f6ge das Jahr 2017 gesegnet sein mit allen wundervollen,gl\u00fccklichen Erlebnisse.<br \/>\nM\u00f6ge das Jahr 2017 mit Licht, Liebe und GottesSegen gesegnet sein.<br \/>\nNamaste in Liebe Hana Hana Fabijenna und Uwe \u2764\ufe0f?<\/p>\n<p>&nbsp;<\/p>\n<p><a href=\"https:\/\/fabijennas-seeleninsel.de\/wordpress\/wp-content\/uploads\/2017\/01\/15747344_1540331669314277_9136450955181374387_n.jpg\"><img loading=\"lazy\" class=\"alignnone size-medium wp-image-3421\" src=\"https:\/\/fabijennas-seeleninsel.de\/wordpress\/wp-content\/uploads\/2017\/01\/15747344_1540331669314277_9136450955181374387_n-480x480.jpg\" alt=\"15747344_1540331669314277_9136450955181374387_n\" width=\"480\" height=\"480\" data-wp-pid=\"3421\" srcset=\"https:\/\/fabijennas-seeleninsel.de\/wordpress\/wp-content\/uploads\/2017\/01\/15747344_1540331669314277_9136450955181374387_n-480x480.jpg 480w, https:\/\/fabijennas-seeleninsel.de\/wordpress\/wp-content\/uploads\/2017\/01\/15747344_1540331669314277_9136450955181374387_n-300x300.jpg 300w, https:\/\/fabijennas-seeleninsel.de\/wordpress\/wp-content\/uploads\/2017\/01\/15747344_1540331669314277_9136450955181374387_n-240x240.jpg 240w, https:\/\/fabijennas-seeleninsel.de\/wordpress\/wp-content\/uploads\/2017\/01\/15747344_1540331669314277_9136450955181374387_n-96x96.jpg 96w, https:\/\/fabijennas-seeleninsel.de\/wordpress\/wp-content\/uploads\/2017\/01\/15747344_1540331669314277_9136450955181374387_n-121x121.jpg 121w, https:\/\/fabijennas-seeleninsel.de\/wordpress\/wp-content\/uploads\/2017\/01\/15747344_1540331669314277_9136450955181374387_n-60x60.jpg 60w, https:\/\/fabijennas-seeleninsel.de\/wordpress\/wp-content\/uploads\/2017\/01\/15747344_1540331669314277_9136450955181374387_n-184x184.jpg 184w, https:\/\/fabijennas-seeleninsel.de\/wordpress\/wp-content\/uploads\/2017\/01\/15747344_1540331669314277_9136450955181374387_n-800x800.jpg 800w, https:\/\/fabijennas-seeleninsel.de\/wordpress\/wp-content\/uploads\/2017\/01\/15747344_1540331669314277_9136450955181374387_n.jpg 960w\" sizes=\"(max-width: 480px) 100vw, 480px\" \/><\/a><\/p>\n","protected":false},"excerpt":{"rendered":"<p>Wir w\u00fcnschen euch einen gesundes, gl\u00fcckliches und ein kreatives neues Jahr 2017. M\u00f6ge das Jahr 2017 gesegnet sein mit allen wundervollen,gl\u00fccklichen Erlebnisse. M\u00f6ge das Jahr 2017 mit Licht, Liebe und GottesSegen gesegnet sein. Namaste in Liebe Hana Hana Fabijenna und Uwe \u2764\ufe0f? &nbsp;<\/p>\n","protected":false},"author":3,"featured_media":3421,"comment_status":"closed","ping_status":"open","sticky":false,"template":"","format":"standard","meta":{"_et_pb_use_builder":"","_et_pb_old_content":"","_et_gb_content_width":""},"categories":[1],"tags":[],"_links":{"self":[{"href":"https:\/\/fabijennas-seeleninsel.de\/wordpress\/wp-json\/wp\/v2\/posts\/3420"}],"collection":[{"href":"https:\/\/fabijennas-seeleninsel.de\/wordpress\/wp-json\/wp\/v2\/posts"}],"about":[{"href":"https:\/\/fabijennas-seeleninsel.de\/wordpress\/wp-json\/wp\/v2\/types\/post"}],"author":[{"embeddable":true,"href":"https:\/\/fabijennas-seeleninsel.de\/wordpress\/wp-json\/wp\/v2\/users\/3"}],"replies":[{"embeddable":true,"href":"https:\/\/fabijennas-seeleninsel.de\/wordpress\/wp-json\/wp\/v2\/comments?post=3420"}],"version-history":[{"count":1,"href":"https:\/\/fabijennas-seeleninsel.de\/wordpress\/wp-json\/wp\/v2\/posts\/3420\/revisions"}],"predecessor-version":[{"id":3422,"href":"https:\/\/fabijennas-seeleninsel.de\/wordpress\/wp-json\/wp\/v2\/posts\/3420\/revisions\/3422"}],"wp:featuredmedia":[{"embeddable":true,"href":"https:\/\/fabijennas-seeleninsel.de\/wordpress\/wp-json\/wp\/v2\/media\/3421"}],"wp:attachment":[{"href":"https:\/\/fabijennas-seeleninsel.de\/wordpress\/wp-json\/wp\/v2\/media?parent=3420"}],"wp:term":[{"taxonomy":"category","embeddable":true,"href":"https:\/\/fabijennas-seeleninsel.de\/wordpress\/wp-json\/wp\/v2\/categories?post=3420"},{"taxonomy":"post_tag","embeddable":true,"href":"https:\/\/fabijennas-seeleninsel.de\/wordpress\/wp-json\/wp\/v2\/tags?post=3420"}],"curies":[{"name":"wp","href":"https:\/\/api.w.org\/{rel}","templated":true}]}}