{"id":3439,"date":"2017-01-06T14:58:07","date_gmt":"2017-01-06T12:58:07","guid":{"rendered":"https:\/\/fabijennas-seeleninsel.de\/wordpress\/?p=3439"},"modified":"2017-01-06T14:58:07","modified_gmt":"2017-01-06T12:58:07","slug":"die-licht-schamanin","status":"publish","type":"post","link":"https:\/\/fabijennas-seeleninsel.de\/wordpress\/die-licht-schamanin\/","title":{"rendered":"Die Licht Schamanin"},"content":{"rendered":"<p>Shaman Healing Stein: Die Licht Schamanin.<\/p>\n<p>Ich nutze die Kraft in mir.<br \/>\nTief verwurzelt mit der Mutter Erde h\u00f6re ich ihre Botschaften.<br \/>\nF\u00fcr mich gibt es keine Trennung, ich wei\u00df das alles ist Eins Sein mit allen was es ist.<br \/>\nIch vertraue auf die Stimme meines Spirits und geistigen Helfer.<br \/>\nIch bin ein Gelehrter, ein Weiser, eine Meisterin, eine Tr\u00e4gerin des altes &#8222;geheimen&#8220; Wissens.<br \/>\nDie Seele f\u00fchrt mich.<br \/>\nDer Geist zeigt mir den Weg.<br \/>\nDie Erde tr\u00e4gt und ern\u00e4hrt mich<br \/>\nDie Sonne gib mir ihre Lichtnahrung.<br \/>\nDie Mondin f\u00fchrt mich durch die Nacht.<br \/>\nKomm, reise mit mir.<\/p>\n<p>Mit liebe und F\u00fchrung meines Spirits gemalt und geschrieben<\/p>\n<p>Schamanin auf dem Flussstein gemalt.<\/p>\n<p>Energieausgleich: 50 Euro<\/p>\n<p>&nbsp;<\/p>\n<p><a href=\"https:\/\/fabijennas-seeleninsel.de\/wordpress\/wp-content\/uploads\/2017\/01\/15826645_1235995133146118_7921610914498975971_n.jpg\"><img loading=\"lazy\" class=\"alignnone size-medium wp-image-3440\" src=\"https:\/\/fabijennas-seeleninsel.de\/wordpress\/wp-content\/uploads\/2017\/01\/15826645_1235995133146118_7921610914498975971_n-640x480.jpg\" alt=\"15826645_1235995133146118_7921610914498975971_n\" width=\"640\" height=\"480\" data-wp-pid=\"3440\" srcset=\"https:\/\/fabijennas-seeleninsel.de\/wordpress\/wp-content\/uploads\/2017\/01\/15826645_1235995133146118_7921610914498975971_n-640x480.jpg 640w, https:\/\/fabijennas-seeleninsel.de\/wordpress\/wp-content\/uploads\/2017\/01\/15826645_1235995133146118_7921610914498975971_n-800x600.jpg 800w, https:\/\/fabijennas-seeleninsel.de\/wordpress\/wp-content\/uploads\/2017\/01\/15826645_1235995133146118_7921610914498975971_n.jpg 960w\" sizes=\"(max-width: 640px) 100vw, 640px\" \/><\/a><\/p>\n","protected":false},"excerpt":{"rendered":"<p>Shaman Healing Stein: Die Licht Schamanin. Ich nutze die Kraft in mir. Tief verwurzelt mit der Mutter Erde h\u00f6re ich ihre Botschaften. F\u00fcr mich gibt es keine Trennung, ich wei\u00df das alles ist Eins Sein mit allen was es ist. Ich vertraue auf die Stimme meines Spirits und geistigen Helfer. Ich bin ein Gelehrter, ein [&hellip;]<\/p>\n","protected":false},"author":3,"featured_media":3440,"comment_status":"closed","ping_status":"open","sticky":false,"template":"","format":"standard","meta":{"_et_pb_use_builder":"","_et_pb_old_content":"","_et_gb_content_width":""},"categories":[14],"tags":[],"_links":{"self":[{"href":"https:\/\/fabijennas-seeleninsel.de\/wordpress\/wp-json\/wp\/v2\/posts\/3439"}],"collection":[{"href":"https:\/\/fabijennas-seeleninsel.de\/wordpress\/wp-json\/wp\/v2\/posts"}],"about":[{"href":"https:\/\/fabijennas-seeleninsel.de\/wordpress\/wp-json\/wp\/v2\/types\/post"}],"author":[{"embeddable":true,"href":"https:\/\/fabijennas-seeleninsel.de\/wordpress\/wp-json\/wp\/v2\/users\/3"}],"replies":[{"embeddable":true,"href":"https:\/\/fabijennas-seeleninsel.de\/wordpress\/wp-json\/wp\/v2\/comments?post=3439"}],"version-history":[{"count":1,"href":"https:\/\/fabijennas-seeleninsel.de\/wordpress\/wp-json\/wp\/v2\/posts\/3439\/revisions"}],"predecessor-version":[{"id":3441,"href":"https:\/\/fabijennas-seeleninsel.de\/wordpress\/wp-json\/wp\/v2\/posts\/3439\/revisions\/3441"}],"wp:featuredmedia":[{"embeddable":true,"href":"https:\/\/fabijennas-seeleninsel.de\/wordpress\/wp-json\/wp\/v2\/media\/3440"}],"wp:attachment":[{"href":"https:\/\/fabijennas-seeleninsel.de\/wordpress\/wp-json\/wp\/v2\/media?parent=3439"}],"wp:term":[{"taxonomy":"category","embeddable":true,"href":"https:\/\/fabijennas-seeleninsel.de\/wordpress\/wp-json\/wp\/v2\/categories?post=3439"},{"taxonomy":"post_tag","embeddable":true,"href":"https:\/\/fabijennas-seeleninsel.de\/wordpress\/wp-json\/wp\/v2\/tags?post=3439"}],"curies":[{"name":"wp","href":"https:\/\/api.w.org\/{rel}","templated":true}]}}