{"id":3454,"date":"2017-01-08T16:32:26","date_gmt":"2017-01-08T14:32:26","guid":{"rendered":"https:\/\/fabijennas-seeleninsel.de\/wordpress\/?p=3454"},"modified":"2017-01-08T16:32:26","modified_gmt":"2017-01-08T14:32:26","slug":"waermende-pilzsuppe","status":"publish","type":"post","link":"https:\/\/fabijennas-seeleninsel.de\/wordpress\/waermende-pilzsuppe\/","title":{"rendered":"W\u00e4rmende Pilzsuppe"},"content":{"rendered":"<p>Nach lange Zeit wieder ein Rezept von mir eine leckere, schnelle w\u00e4rmende Pilzsuppe.<br \/>\nW\u00e4rmende Pilzsuppe<\/p>\n<p>Drei Essl\u00f6ffel Oliven\u00f6l<br \/>\n1 Zwiebel in W\u00fcrfel schneiden<br \/>\n1 Knoblauchzehe<br \/>\n300 g braune Champignons (in Scheiben schneiden)<br \/>\n2 H\u00e4ndevoll gefrorene Wald Pilze ( oder getrocknete)<br \/>\nEine gro\u00dfe Karotte (sch\u00e4len und in Scheiben schneiden)<br \/>\n2 TL Majoran<br \/>\n1,5 L Gem\u00fcsebr\u00fche<br \/>\nZwei Essl\u00f6ffel Dinkelmehl<br \/>\nChilli Sauce<\/p>\n<p>Zwiebeln in Oliven\u00f6l goldig anbraten. Dazu Pilze, Karotte geben und noch paar Minuten mit braten. Majoran zuf\u00fcgen und noch ca. 1 min. braten. Dann das Mehl \u00fcber die Pilzmischung streuen und anschwitzen. Die Gem\u00fcsebr\u00fche dazu geben aufkochen den Knoblauch auspressen und zusammen mit der Chiliso\u00dfe in die Suppe geben. Wenn n\u00f6tig noch abschmecken und ca. 5 min. weiter kochen.<br \/>\nDazu serviere ich Bio Roggenbrot<br \/>\nGuten Appetit ?<br \/>\nIch kann die Suppe ? w\u00e4rmstens empfehlen.<br \/>\n???<\/p>\n<p>&nbsp;<\/p>\n<p><a href=\"https:\/\/fabijennas-seeleninsel.de\/wordpress\/wp-content\/uploads\/2017\/01\/IMG_6236.jpg\"><img loading=\"lazy\" class=\"alignnone size-medium wp-image-3455\" src=\"https:\/\/fabijennas-seeleninsel.de\/wordpress\/wp-content\/uploads\/2017\/01\/IMG_6236-640x427.jpg\" alt=\"img_6236\" width=\"640\" height=\"427\" data-wp-pid=\"3455\" srcset=\"https:\/\/fabijennas-seeleninsel.de\/wordpress\/wp-content\/uploads\/2017\/01\/IMG_6236-640x427.jpg 640w, https:\/\/fabijennas-seeleninsel.de\/wordpress\/wp-content\/uploads\/2017\/01\/IMG_6236-1024x683.jpg 1024w, https:\/\/fabijennas-seeleninsel.de\/wordpress\/wp-content\/uploads\/2017\/01\/IMG_6236-140x94.jpg 140w, https:\/\/fabijennas-seeleninsel.de\/wordpress\/wp-content\/uploads\/2017\/01\/IMG_6236-800x533.jpg 800w, https:\/\/fabijennas-seeleninsel.de\/wordpress\/wp-content\/uploads\/2017\/01\/IMG_6236.jpg 1920w\" sizes=\"(max-width: 640px) 100vw, 640px\" \/><\/a><\/p>\n","protected":false},"excerpt":{"rendered":"<p>Nach lange Zeit wieder ein Rezept von mir eine leckere, schnelle w\u00e4rmende Pilzsuppe. W\u00e4rmende Pilzsuppe Drei Essl\u00f6ffel Oliven\u00f6l 1 Zwiebel in W\u00fcrfel schneiden 1 Knoblauchzehe 300 g braune Champignons (in Scheiben schneiden) 2 H\u00e4ndevoll gefrorene Wald Pilze ( oder getrocknete) Eine gro\u00dfe Karotte (sch\u00e4len und in Scheiben schneiden) 2 TL Majoran 1,5 L Gem\u00fcsebr\u00fche Zwei [&hellip;]<\/p>\n","protected":false},"author":3,"featured_media":3455,"comment_status":"closed","ping_status":"open","sticky":false,"template":"","format":"standard","meta":{"_et_pb_use_builder":"","_et_pb_old_content":"","_et_gb_content_width":""},"categories":[1],"tags":[],"_links":{"self":[{"href":"https:\/\/fabijennas-seeleninsel.de\/wordpress\/wp-json\/wp\/v2\/posts\/3454"}],"collection":[{"href":"https:\/\/fabijennas-seeleninsel.de\/wordpress\/wp-json\/wp\/v2\/posts"}],"about":[{"href":"https:\/\/fabijennas-seeleninsel.de\/wordpress\/wp-json\/wp\/v2\/types\/post"}],"author":[{"embeddable":true,"href":"https:\/\/fabijennas-seeleninsel.de\/wordpress\/wp-json\/wp\/v2\/users\/3"}],"replies":[{"embeddable":true,"href":"https:\/\/fabijennas-seeleninsel.de\/wordpress\/wp-json\/wp\/v2\/comments?post=3454"}],"version-history":[{"count":1,"href":"https:\/\/fabijennas-seeleninsel.de\/wordpress\/wp-json\/wp\/v2\/posts\/3454\/revisions"}],"predecessor-version":[{"id":3456,"href":"https:\/\/fabijennas-seeleninsel.de\/wordpress\/wp-json\/wp\/v2\/posts\/3454\/revisions\/3456"}],"wp:featuredmedia":[{"embeddable":true,"href":"https:\/\/fabijennas-seeleninsel.de\/wordpress\/wp-json\/wp\/v2\/media\/3455"}],"wp:attachment":[{"href":"https:\/\/fabijennas-seeleninsel.de\/wordpress\/wp-json\/wp\/v2\/media?parent=3454"}],"wp:term":[{"taxonomy":"category","embeddable":true,"href":"https:\/\/fabijennas-seeleninsel.de\/wordpress\/wp-json\/wp\/v2\/categories?post=3454"},{"taxonomy":"post_tag","embeddable":true,"href":"https:\/\/fabijennas-seeleninsel.de\/wordpress\/wp-json\/wp\/v2\/tags?post=3454"}],"curies":[{"name":"wp","href":"https:\/\/api.w.org\/{rel}","templated":true}]}}