{"id":3464,"date":"2017-01-08T21:05:55","date_gmt":"2017-01-08T19:05:55","guid":{"rendered":"https:\/\/fabijennas-seeleninsel.de\/wordpress\/?p=3464"},"modified":"2017-01-08T21:05:55","modified_gmt":"2017-01-08T19:05:55","slug":"die-kleine-melina","status":"publish","type":"post","link":"https:\/\/fabijennas-seeleninsel.de\/wordpress\/die-kleine-melina\/","title":{"rendered":"Die kleine Melina"},"content":{"rendered":"<p>Kinder Schutzengel: Die kleine Melina<\/p>\n<p>&nbsp;<\/p>\n<p>Ich umarme dich sanft mit meinen Fl\u00fcgel.<br \/>\nIch tr\u00f6ste dich wenn die Tr\u00e4nen kullern.<br \/>\nIch streichle dein seidenes Haar wenn du dir ein Knie aufgeschlagen hast. Ich singe dir ein sanftes Lied wenn du Nachts nicht schlafen kannst.<br \/>\nIch bringe dir die Sterne zu Bett wenn es in deinem Zimmer zu dunkel ist.<br \/>\nIch spiele mit dir wenn du allein bist.<br \/>\nIch freue mich mit dir wenn du dich selber freust.<br \/>\nWenn es regnet z\u00e4hle ich mit dir die Regentropfen.<br \/>\nWenn die Sonne scheint plantsche ich mit dir im Wasser.<br \/>\nWenn du malst halte ich dein Stift und fl\u00fcstere dir ins Ohr wie sehr ich dich lieb habe.<br \/>\nSo ein wundervoller Schutzengel erfreut jedes Kinderauge.<br \/>\nVielleicht ist dieses fr\u00f6hliche Engelkind schon bald in einem Kinderzimmer und strahlt seine sanfte und liebevolle Engelenergie aus.<br \/>\nBildgr\u00f6sse: 24x18cmKinderschutzengel<\/p>\n<p>Energieausgleich: 39 Euro+Versand<\/p>\n<p>&nbsp;<\/p>\n<p><a href=\"https:\/\/fabijennas-seeleninsel.de\/wordpress\/wp-content\/uploads\/2017\/01\/IMG_6214.jpg\"><img loading=\"lazy\" class=\"alignnone size-medium wp-image-3465\" src=\"https:\/\/fabijennas-seeleninsel.de\/wordpress\/wp-content\/uploads\/2017\/01\/IMG_6214-383x480.jpg\" alt=\"img_6214\" width=\"383\" height=\"480\" data-wp-pid=\"3465\" srcset=\"https:\/\/fabijennas-seeleninsel.de\/wordpress\/wp-content\/uploads\/2017\/01\/IMG_6214-383x480.jpg 383w, https:\/\/fabijennas-seeleninsel.de\/wordpress\/wp-content\/uploads\/2017\/01\/IMG_6214-817x1024.jpg 817w, https:\/\/fabijennas-seeleninsel.de\/wordpress\/wp-content\/uploads\/2017\/01\/IMG_6214-638x800.jpg 638w, https:\/\/fabijennas-seeleninsel.de\/wordpress\/wp-content\/uploads\/2017\/01\/IMG_6214-800x1003.jpg 800w, https:\/\/fabijennas-seeleninsel.de\/wordpress\/wp-content\/uploads\/2017\/01\/IMG_6214.jpg 1002w\" sizes=\"(max-width: 383px) 100vw, 383px\" \/><\/a><\/p>\n","protected":false},"excerpt":{"rendered":"<p>Kinder Schutzengel: Die kleine Melina &nbsp; Ich umarme dich sanft mit meinen Fl\u00fcgel. Ich tr\u00f6ste dich wenn die Tr\u00e4nen kullern. Ich streichle dein seidenes Haar wenn du dir ein Knie aufgeschlagen hast. Ich singe dir ein sanftes Lied wenn du Nachts nicht schlafen kannst. Ich bringe dir die Sterne zu Bett wenn es in deinem [&hellip;]<\/p>\n","protected":false},"author":3,"featured_media":3465,"comment_status":"closed","ping_status":"open","sticky":false,"template":"","format":"standard","meta":{"_et_pb_use_builder":"","_et_pb_old_content":"","_et_gb_content_width":""},"categories":[8],"tags":[],"_links":{"self":[{"href":"https:\/\/fabijennas-seeleninsel.de\/wordpress\/wp-json\/wp\/v2\/posts\/3464"}],"collection":[{"href":"https:\/\/fabijennas-seeleninsel.de\/wordpress\/wp-json\/wp\/v2\/posts"}],"about":[{"href":"https:\/\/fabijennas-seeleninsel.de\/wordpress\/wp-json\/wp\/v2\/types\/post"}],"author":[{"embeddable":true,"href":"https:\/\/fabijennas-seeleninsel.de\/wordpress\/wp-json\/wp\/v2\/users\/3"}],"replies":[{"embeddable":true,"href":"https:\/\/fabijennas-seeleninsel.de\/wordpress\/wp-json\/wp\/v2\/comments?post=3464"}],"version-history":[{"count":1,"href":"https:\/\/fabijennas-seeleninsel.de\/wordpress\/wp-json\/wp\/v2\/posts\/3464\/revisions"}],"predecessor-version":[{"id":3466,"href":"https:\/\/fabijennas-seeleninsel.de\/wordpress\/wp-json\/wp\/v2\/posts\/3464\/revisions\/3466"}],"wp:featuredmedia":[{"embeddable":true,"href":"https:\/\/fabijennas-seeleninsel.de\/wordpress\/wp-json\/wp\/v2\/media\/3465"}],"wp:attachment":[{"href":"https:\/\/fabijennas-seeleninsel.de\/wordpress\/wp-json\/wp\/v2\/media?parent=3464"}],"wp:term":[{"taxonomy":"category","embeddable":true,"href":"https:\/\/fabijennas-seeleninsel.de\/wordpress\/wp-json\/wp\/v2\/categories?post=3464"},{"taxonomy":"post_tag","embeddable":true,"href":"https:\/\/fabijennas-seeleninsel.de\/wordpress\/wp-json\/wp\/v2\/tags?post=3464"}],"curies":[{"name":"wp","href":"https:\/\/api.w.org\/{rel}","templated":true}]}}