{"id":3482,"date":"2017-01-15T22:37:31","date_gmt":"2017-01-15T20:37:31","guid":{"rendered":"https:\/\/fabijennas-seeleninsel.de\/wordpress\/?p=3482"},"modified":"2017-01-15T22:37:31","modified_gmt":"2017-01-15T20:37:31","slug":"jeder-von-uns","status":"publish","type":"post","link":"https:\/\/fabijennas-seeleninsel.de\/wordpress\/jeder-von-uns\/","title":{"rendered":"Jeder von uns&#8230;"},"content":{"rendered":"<p>Jeder von uns besitzt sch\u00f6pferische Lebensenergie und jeder von uns besitzt die F\u00e4higkeit sich auf seine Art auszudr\u00fccken. Wir haben die Entscheidung ob wir uns Positiv sch\u00f6pferisch bet\u00e4tigen wollen oder aber ob wir mit negativen Dingen Zeit verbringen. Du hast es im Hand. Entscheide jetzt in welche Richtung soll deine Sch\u00f6pferische Kreative Lebensenergie flie\u00dfen. Namaste Hana Fabijenna \u2764\ufe0f?<\/p>\n<p>&nbsp;<\/p>\n<p><a href=\"https:\/\/fabijennas-seeleninsel.de\/wordpress\/wp-content\/uploads\/2017\/01\/16114192_1560710347276409_3167023968628799626_n.jpg\"><img loading=\"lazy\" class=\"alignnone size-medium wp-image-3483\" src=\"https:\/\/fabijennas-seeleninsel.de\/wordpress\/wp-content\/uploads\/2017\/01\/16114192_1560710347276409_3167023968628799626_n-640x480.jpg\" alt=\"16114192_1560710347276409_3167023968628799626_n\" width=\"640\" height=\"480\" data-wp-pid=\"3483\" srcset=\"https:\/\/fabijennas-seeleninsel.de\/wordpress\/wp-content\/uploads\/2017\/01\/16114192_1560710347276409_3167023968628799626_n-640x480.jpg 640w, https:\/\/fabijennas-seeleninsel.de\/wordpress\/wp-content\/uploads\/2017\/01\/16114192_1560710347276409_3167023968628799626_n-800x600.jpg 800w, https:\/\/fabijennas-seeleninsel.de\/wordpress\/wp-content\/uploads\/2017\/01\/16114192_1560710347276409_3167023968628799626_n.jpg 960w\" sizes=\"(max-width: 640px) 100vw, 640px\" \/><\/a><\/p>\n","protected":false},"excerpt":{"rendered":"<p>Jeder von uns besitzt sch\u00f6pferische Lebensenergie und jeder von uns besitzt die F\u00e4higkeit sich auf seine Art auszudr\u00fccken. Wir haben die Entscheidung ob wir uns Positiv sch\u00f6pferisch bet\u00e4tigen wollen oder aber ob wir mit negativen Dingen Zeit verbringen. Du hast es im Hand. Entscheide jetzt in welche Richtung soll deine Sch\u00f6pferische Kreative Lebensenergie flie\u00dfen. Namaste [&hellip;]<\/p>\n","protected":false},"author":3,"featured_media":3483,"comment_status":"closed","ping_status":"open","sticky":false,"template":"","format":"standard","meta":{"_et_pb_use_builder":"","_et_pb_old_content":"","_et_gb_content_width":""},"categories":[1],"tags":[],"_links":{"self":[{"href":"https:\/\/fabijennas-seeleninsel.de\/wordpress\/wp-json\/wp\/v2\/posts\/3482"}],"collection":[{"href":"https:\/\/fabijennas-seeleninsel.de\/wordpress\/wp-json\/wp\/v2\/posts"}],"about":[{"href":"https:\/\/fabijennas-seeleninsel.de\/wordpress\/wp-json\/wp\/v2\/types\/post"}],"author":[{"embeddable":true,"href":"https:\/\/fabijennas-seeleninsel.de\/wordpress\/wp-json\/wp\/v2\/users\/3"}],"replies":[{"embeddable":true,"href":"https:\/\/fabijennas-seeleninsel.de\/wordpress\/wp-json\/wp\/v2\/comments?post=3482"}],"version-history":[{"count":1,"href":"https:\/\/fabijennas-seeleninsel.de\/wordpress\/wp-json\/wp\/v2\/posts\/3482\/revisions"}],"predecessor-version":[{"id":3484,"href":"https:\/\/fabijennas-seeleninsel.de\/wordpress\/wp-json\/wp\/v2\/posts\/3482\/revisions\/3484"}],"wp:featuredmedia":[{"embeddable":true,"href":"https:\/\/fabijennas-seeleninsel.de\/wordpress\/wp-json\/wp\/v2\/media\/3483"}],"wp:attachment":[{"href":"https:\/\/fabijennas-seeleninsel.de\/wordpress\/wp-json\/wp\/v2\/media?parent=3482"}],"wp:term":[{"taxonomy":"category","embeddable":true,"href":"https:\/\/fabijennas-seeleninsel.de\/wordpress\/wp-json\/wp\/v2\/categories?post=3482"},{"taxonomy":"post_tag","embeddable":true,"href":"https:\/\/fabijennas-seeleninsel.de\/wordpress\/wp-json\/wp\/v2\/tags?post=3482"}],"curies":[{"name":"wp","href":"https:\/\/api.w.org\/{rel}","templated":true}]}}