{"id":3494,"date":"2017-01-19T13:01:10","date_gmt":"2017-01-19T11:01:10","guid":{"rendered":"https:\/\/fabijennas-seeleninsel.de\/wordpress\/?p=3494"},"modified":"2017-01-19T13:01:10","modified_gmt":"2017-01-19T11:01:10","slug":"magiestein-meerjungfrau","status":"publish","type":"post","link":"https:\/\/fabijennas-seeleninsel.de\/wordpress\/magiestein-meerjungfrau\/","title":{"rendered":"Magiestein: Meerjungfrau .."},"content":{"rendered":"<p>Magiestein: Meerjungfrau Adina<br \/>\nDie Sch\u00f6nheit deines Inneren \u00e4hnelt einer Perle.<br \/>\nSo wundervoll und voller schimmernden Farben.<\/p>\n<p>Ich die Meerjungfrau Adina \u00fcberreiche dir die Perle als Symbol der Erinnerung was du bist.<br \/>\nEine Perle die ihre Einzigartigkeit durch ihre schimmernden Farben zeigt.<br \/>\nDie Perle zeigt dir dein inneres Wachstum der Weisheit.<\/p>\n<p>Gehe mit mir Hand in Hand und entdecke die Sch\u00f6nheit deines Inneren.<\/p>\n<p>Mit Liebe und F\u00fchrung gemalt und geschrieben ?<\/p>\n<p>Energieausgleich: 54 Euro<\/p>\n<p>&nbsp;<\/p>\n<p><a href=\"https:\/\/fabijennas-seeleninsel.de\/wordpress\/wp-content\/uploads\/2017\/01\/16107821_1562705767076867_1771572120_o.jpg\"><img loading=\"lazy\" class=\"alignnone size-medium wp-image-3495\" src=\"https:\/\/fabijennas-seeleninsel.de\/wordpress\/wp-content\/uploads\/2017\/01\/16107821_1562705767076867_1771572120_o-640x480.jpg\" alt=\"16107821_1562705767076867_1771572120_o\" width=\"640\" height=\"480\" data-wp-pid=\"3495\" srcset=\"https:\/\/fabijennas-seeleninsel.de\/wordpress\/wp-content\/uploads\/2017\/01\/16107821_1562705767076867_1771572120_o-640x480.jpg 640w, https:\/\/fabijennas-seeleninsel.de\/wordpress\/wp-content\/uploads\/2017\/01\/16107821_1562705767076867_1771572120_o-1024x768.jpg 1024w, https:\/\/fabijennas-seeleninsel.de\/wordpress\/wp-content\/uploads\/2017\/01\/16107821_1562705767076867_1771572120_o-800x600.jpg 800w, https:\/\/fabijennas-seeleninsel.de\/wordpress\/wp-content\/uploads\/2017\/01\/16107821_1562705767076867_1771572120_o.jpg 1136w\" sizes=\"(max-width: 640px) 100vw, 640px\" \/><\/a><\/p>\n","protected":false},"excerpt":{"rendered":"<p>Magiestein: Meerjungfrau Adina Die Sch\u00f6nheit deines Inneren \u00e4hnelt einer Perle. So wundervoll und voller schimmernden Farben. Ich die Meerjungfrau Adina \u00fcberreiche dir die Perle als Symbol der Erinnerung was du bist. Eine Perle die ihre Einzigartigkeit durch ihre schimmernden Farben zeigt. Die Perle zeigt dir dein inneres Wachstum der Weisheit. Gehe mit mir Hand in [&hellip;]<\/p>\n","protected":false},"author":3,"featured_media":3495,"comment_status":"closed","ping_status":"open","sticky":false,"template":"","format":"standard","meta":{"_et_pb_use_builder":"","_et_pb_old_content":"","_et_gb_content_width":""},"categories":[14],"tags":[],"_links":{"self":[{"href":"https:\/\/fabijennas-seeleninsel.de\/wordpress\/wp-json\/wp\/v2\/posts\/3494"}],"collection":[{"href":"https:\/\/fabijennas-seeleninsel.de\/wordpress\/wp-json\/wp\/v2\/posts"}],"about":[{"href":"https:\/\/fabijennas-seeleninsel.de\/wordpress\/wp-json\/wp\/v2\/types\/post"}],"author":[{"embeddable":true,"href":"https:\/\/fabijennas-seeleninsel.de\/wordpress\/wp-json\/wp\/v2\/users\/3"}],"replies":[{"embeddable":true,"href":"https:\/\/fabijennas-seeleninsel.de\/wordpress\/wp-json\/wp\/v2\/comments?post=3494"}],"version-history":[{"count":1,"href":"https:\/\/fabijennas-seeleninsel.de\/wordpress\/wp-json\/wp\/v2\/posts\/3494\/revisions"}],"predecessor-version":[{"id":3496,"href":"https:\/\/fabijennas-seeleninsel.de\/wordpress\/wp-json\/wp\/v2\/posts\/3494\/revisions\/3496"}],"wp:featuredmedia":[{"embeddable":true,"href":"https:\/\/fabijennas-seeleninsel.de\/wordpress\/wp-json\/wp\/v2\/media\/3495"}],"wp:attachment":[{"href":"https:\/\/fabijennas-seeleninsel.de\/wordpress\/wp-json\/wp\/v2\/media?parent=3494"}],"wp:term":[{"taxonomy":"category","embeddable":true,"href":"https:\/\/fabijennas-seeleninsel.de\/wordpress\/wp-json\/wp\/v2\/categories?post=3494"},{"taxonomy":"post_tag","embeddable":true,"href":"https:\/\/fabijennas-seeleninsel.de\/wordpress\/wp-json\/wp\/v2\/tags?post=3494"}],"curies":[{"name":"wp","href":"https:\/\/api.w.org\/{rel}","templated":true}]}}