{"id":3497,"date":"2017-01-19T13:02:27","date_gmt":"2017-01-19T11:02:27","guid":{"rendered":"https:\/\/fabijennas-seeleninsel.de\/wordpress\/?p=3497"},"modified":"2017-01-19T13:02:27","modified_gmt":"2017-01-19T11:02:27","slug":"auftragarbeit","status":"publish","type":"post","link":"https:\/\/fabijennas-seeleninsel.de\/wordpress\/auftragarbeit\/","title":{"rendered":"Auftragarbeit&#8230;."},"content":{"rendered":"<p>Magie,Magie, Magie ist zum sp\u00fcren. Magie,Magie, Magie ist zum f\u00fchlen. Es knistert \u00fcberall in meinem Atelier . Dieses Einhorn ? wird in die Schweiz ?? reisen. Danke vom Herzen f\u00fcr diesen wundervollen Auftrag<\/p>\n<p>&nbsp;<\/p>\n<p><a href=\"https:\/\/fabijennas-seeleninsel.de\/wordpress\/wp-content\/uploads\/2017\/01\/16142336_1244819375597027_3446441774247683568_n.jpg\"><img loading=\"lazy\" class=\"alignnone size-medium wp-image-3498\" src=\"https:\/\/fabijennas-seeleninsel.de\/wordpress\/wp-content\/uploads\/2017\/01\/16142336_1244819375597027_3446441774247683568_n-487x480.jpg\" alt=\"16142336_1244819375597027_3446441774247683568_n\" width=\"487\" height=\"480\" data-wp-pid=\"3498\" srcset=\"https:\/\/fabijennas-seeleninsel.de\/wordpress\/wp-content\/uploads\/2017\/01\/16142336_1244819375597027_3446441774247683568_n-487x480.jpg 487w, https:\/\/fabijennas-seeleninsel.de\/wordpress\/wp-content\/uploads\/2017\/01\/16142336_1244819375597027_3446441774247683568_n-96x96.jpg 96w, https:\/\/fabijennas-seeleninsel.de\/wordpress\/wp-content\/uploads\/2017\/01\/16142336_1244819375597027_3446441774247683568_n-60x60.jpg 60w, https:\/\/fabijennas-seeleninsel.de\/wordpress\/wp-content\/uploads\/2017\/01\/16142336_1244819375597027_3446441774247683568_n-800x788.jpg 800w, https:\/\/fabijennas-seeleninsel.de\/wordpress\/wp-content\/uploads\/2017\/01\/16142336_1244819375597027_3446441774247683568_n.jpg 960w\" sizes=\"(max-width: 487px) 100vw, 487px\" \/><\/a><\/p>\n","protected":false},"excerpt":{"rendered":"<p>Magie,Magie, Magie ist zum sp\u00fcren. Magie,Magie, Magie ist zum f\u00fchlen. Es knistert \u00fcberall in meinem Atelier . Dieses Einhorn ? wird in die Schweiz ?? reisen. Danke vom Herzen f\u00fcr diesen wundervollen Auftrag &nbsp;<\/p>\n","protected":false},"author":3,"featured_media":3498,"comment_status":"closed","ping_status":"open","sticky":false,"template":"","format":"standard","meta":{"_et_pb_use_builder":"","_et_pb_old_content":"","_et_gb_content_width":""},"categories":[1],"tags":[],"_links":{"self":[{"href":"https:\/\/fabijennas-seeleninsel.de\/wordpress\/wp-json\/wp\/v2\/posts\/3497"}],"collection":[{"href":"https:\/\/fabijennas-seeleninsel.de\/wordpress\/wp-json\/wp\/v2\/posts"}],"about":[{"href":"https:\/\/fabijennas-seeleninsel.de\/wordpress\/wp-json\/wp\/v2\/types\/post"}],"author":[{"embeddable":true,"href":"https:\/\/fabijennas-seeleninsel.de\/wordpress\/wp-json\/wp\/v2\/users\/3"}],"replies":[{"embeddable":true,"href":"https:\/\/fabijennas-seeleninsel.de\/wordpress\/wp-json\/wp\/v2\/comments?post=3497"}],"version-history":[{"count":1,"href":"https:\/\/fabijennas-seeleninsel.de\/wordpress\/wp-json\/wp\/v2\/posts\/3497\/revisions"}],"predecessor-version":[{"id":3499,"href":"https:\/\/fabijennas-seeleninsel.de\/wordpress\/wp-json\/wp\/v2\/posts\/3497\/revisions\/3499"}],"wp:featuredmedia":[{"embeddable":true,"href":"https:\/\/fabijennas-seeleninsel.de\/wordpress\/wp-json\/wp\/v2\/media\/3498"}],"wp:attachment":[{"href":"https:\/\/fabijennas-seeleninsel.de\/wordpress\/wp-json\/wp\/v2\/media?parent=3497"}],"wp:term":[{"taxonomy":"category","embeddable":true,"href":"https:\/\/fabijennas-seeleninsel.de\/wordpress\/wp-json\/wp\/v2\/categories?post=3497"},{"taxonomy":"post_tag","embeddable":true,"href":"https:\/\/fabijennas-seeleninsel.de\/wordpress\/wp-json\/wp\/v2\/tags?post=3497"}],"curies":[{"name":"wp","href":"https:\/\/api.w.org\/{rel}","templated":true}]}}