{"id":3540,"date":"2017-01-28T17:59:51","date_gmt":"2017-01-28T15:59:51","guid":{"rendered":"https:\/\/fabijennas-seeleninsel.de\/wordpress\/?p=3540"},"modified":"2017-01-28T17:59:51","modified_gmt":"2017-01-28T15:59:51","slug":"fokus","status":"publish","type":"post","link":"https:\/\/fabijennas-seeleninsel.de\/wordpress\/fokus\/","title":{"rendered":"Fokus"},"content":{"rendered":"<p>Fokus<br \/>\nWorauf richten wir unseren Fokus? Auf positive oder negative Dinge.<br \/>\nK\u00e4mpfen wir gegen uns oder stehen wir zu uns.<br \/>\nMachen wir uns das Leben schwer oder Leben wir in Leichtigkeit.<br \/>\nTrauern wir jemanden oder irgendwas nach oder \u00f6ffnen wir uns f\u00fcr das Neue.<br \/>\nF\u00fchlen wir uns st\u00e4ndig als Opfer oder Gewinner?<br \/>\nEins ist klar, das was wir denken und f\u00fchlen wird zur Realit\u00e4t.<br \/>\nNamaste Hana Fabijenna<\/p>\n<p>&nbsp;<\/p>\n<p><a href=\"https:\/\/fabijennas-seeleninsel.de\/wordpress\/wp-content\/uploads\/2017\/01\/16196032_1574455459235231_7181907943001466792_n.jpg\"><img loading=\"lazy\" class=\"alignnone size-medium wp-image-3541\" src=\"https:\/\/fabijennas-seeleninsel.de\/wordpress\/wp-content\/uploads\/2017\/01\/16196032_1574455459235231_7181907943001466792_n-640x433.jpg\" alt=\"16196032_1574455459235231_7181907943001466792_n\" width=\"640\" height=\"433\" data-wp-pid=\"3541\" srcset=\"https:\/\/fabijennas-seeleninsel.de\/wordpress\/wp-content\/uploads\/2017\/01\/16196032_1574455459235231_7181907943001466792_n.jpg 640w, https:\/\/fabijennas-seeleninsel.de\/wordpress\/wp-content\/uploads\/2017\/01\/16196032_1574455459235231_7181907943001466792_n-140x94.jpg 140w\" sizes=\"(max-width: 640px) 100vw, 640px\" \/><\/a><\/p>\n","protected":false},"excerpt":{"rendered":"<p>Fokus Worauf richten wir unseren Fokus? Auf positive oder negative Dinge. K\u00e4mpfen wir gegen uns oder stehen wir zu uns. Machen wir uns das Leben schwer oder Leben wir in Leichtigkeit. Trauern wir jemanden oder irgendwas nach oder \u00f6ffnen wir uns f\u00fcr das Neue. F\u00fchlen wir uns st\u00e4ndig als Opfer oder Gewinner? Eins ist klar, [&hellip;]<\/p>\n","protected":false},"author":3,"featured_media":3541,"comment_status":"closed","ping_status":"open","sticky":false,"template":"","format":"standard","meta":{"_et_pb_use_builder":"","_et_pb_old_content":"","_et_gb_content_width":""},"categories":[1],"tags":[],"_links":{"self":[{"href":"https:\/\/fabijennas-seeleninsel.de\/wordpress\/wp-json\/wp\/v2\/posts\/3540"}],"collection":[{"href":"https:\/\/fabijennas-seeleninsel.de\/wordpress\/wp-json\/wp\/v2\/posts"}],"about":[{"href":"https:\/\/fabijennas-seeleninsel.de\/wordpress\/wp-json\/wp\/v2\/types\/post"}],"author":[{"embeddable":true,"href":"https:\/\/fabijennas-seeleninsel.de\/wordpress\/wp-json\/wp\/v2\/users\/3"}],"replies":[{"embeddable":true,"href":"https:\/\/fabijennas-seeleninsel.de\/wordpress\/wp-json\/wp\/v2\/comments?post=3540"}],"version-history":[{"count":1,"href":"https:\/\/fabijennas-seeleninsel.de\/wordpress\/wp-json\/wp\/v2\/posts\/3540\/revisions"}],"predecessor-version":[{"id":3542,"href":"https:\/\/fabijennas-seeleninsel.de\/wordpress\/wp-json\/wp\/v2\/posts\/3540\/revisions\/3542"}],"wp:featuredmedia":[{"embeddable":true,"href":"https:\/\/fabijennas-seeleninsel.de\/wordpress\/wp-json\/wp\/v2\/media\/3541"}],"wp:attachment":[{"href":"https:\/\/fabijennas-seeleninsel.de\/wordpress\/wp-json\/wp\/v2\/media?parent=3540"}],"wp:term":[{"taxonomy":"category","embeddable":true,"href":"https:\/\/fabijennas-seeleninsel.de\/wordpress\/wp-json\/wp\/v2\/categories?post=3540"},{"taxonomy":"post_tag","embeddable":true,"href":"https:\/\/fabijennas-seeleninsel.de\/wordpress\/wp-json\/wp\/v2\/tags?post=3540"}],"curies":[{"name":"wp","href":"https:\/\/api.w.org\/{rel}","templated":true}]}}