{"id":3558,"date":"2017-02-05T10:33:09","date_gmt":"2017-02-05T08:33:09","guid":{"rendered":"https:\/\/fabijennas-seeleninsel.de\/wordpress\/?p=3558"},"modified":"2017-02-05T10:33:09","modified_gmt":"2017-02-05T08:33:09","slug":"geburt-eines-sternes","status":"publish","type":"post","link":"https:\/\/fabijennas-seeleninsel.de\/wordpress\/geburt-eines-sternes\/","title":{"rendered":"Geburt eines Sternes"},"content":{"rendered":"<p>Geburt eines Sternes.<\/p>\n<p>Jedes Kind ist ein Stern das am tiefdunklen Himmel leuchtet.<br \/>\nJedes Kind ist der Polarstern einer Mutter. Es ist das kostbarste f\u00fcr eine Mama diesen Stern Monate lang unter dem Herzen zu tragen und<br \/>\ndie Bewegungen zu sp\u00fcren. Diese Erinnerungen bleiben ein Leben lang, sie erl\u00f6schen nicht.<\/p>\n<p>Du bist der Stern in meinem Leben, du bist der Schatz den ich unter meinem Herz getragen habe.Du bist f\u00fcr immer in meinem Herzen eingraviert.<br \/>\nNiemals wird unsere liebe irgend etwas trennen. Niemals wird sich irgend etwas zwischen uns stellen. Du bist ein Geschenk des Himmels und ich danke dir das du mein Kind bist &lt;3<\/p>\n<p>Bildgr\u00f6\u00dfe: 100x100x4,9 cm<\/p>\n<p>Dieses wundervolle Bild ist ein klein wenig mein Sorgenkind das in einer Gyn\u00e4kologische Praxis auf gehangen war und einen kleinen Unfall erlitten hat. Es hat aus versehen im unteren Bereich zwei kleine L\u00f6cher erlitten. Der Arzt hat das Bild bei eine Restauratorin f\u00fcr Bilder reparieren lassen und es ist wirklich nichts zu sehen. Trotz allem m\u00f6chte ich den Preis um 50% reduzieren.<br \/>\nDer neue Energieausgleich f\u00fcr diese gro\u00dfe wundersch\u00f6ne Gem\u00e4lde betr\u00e4gt 350 Euro+Versand<\/p>\n<p>Sollte dich dieses Bild ber\u00fchren schreibe mir ein Nachricht<br \/>\nDas Bild sendet wunderbare Energien nicht nur f\u00fcr Wohnr\u00e4ume sondern auch in Praxen, Kinderg\u00e4rten und Zentren wo sich M\u00fctter und Kinder aufhalten.<\/p>\n<p>&nbsp;<\/p>\n<p><a href=\"https:\/\/fabijennas-seeleninsel.de\/wordpress\/wp-content\/uploads\/2017\/02\/16473281_1267954479950183_6888135494880377762_n.jpg\"><img loading=\"lazy\" class=\"alignnone size-medium wp-image-3559\" src=\"https:\/\/fabijennas-seeleninsel.de\/wordpress\/wp-content\/uploads\/2017\/02\/16473281_1267954479950183_6888135494880377762_n-486x480.jpg\" alt=\"16473281_1267954479950183_6888135494880377762_n\" width=\"486\" height=\"480\" data-wp-pid=\"3559\" srcset=\"https:\/\/fabijennas-seeleninsel.de\/wordpress\/wp-content\/uploads\/2017\/02\/16473281_1267954479950183_6888135494880377762_n-486x480.jpg 486w, https:\/\/fabijennas-seeleninsel.de\/wordpress\/wp-content\/uploads\/2017\/02\/16473281_1267954479950183_6888135494880377762_n-96x96.jpg 96w, https:\/\/fabijennas-seeleninsel.de\/wordpress\/wp-content\/uploads\/2017\/02\/16473281_1267954479950183_6888135494880377762_n-121x121.jpg 121w, https:\/\/fabijennas-seeleninsel.de\/wordpress\/wp-content\/uploads\/2017\/02\/16473281_1267954479950183_6888135494880377762_n-60x60.jpg 60w, https:\/\/fabijennas-seeleninsel.de\/wordpress\/wp-content\/uploads\/2017\/02\/16473281_1267954479950183_6888135494880377762_n.jpg 640w\" sizes=\"(max-width: 486px) 100vw, 486px\" \/><\/a><\/p>\n<p>&nbsp;<\/p>\n<p>&nbsp;<\/p>\n","protected":false},"excerpt":{"rendered":"<p>Geburt eines Sternes. Jedes Kind ist ein Stern das am tiefdunklen Himmel leuchtet. Jedes Kind ist der Polarstern einer Mutter. Es ist das kostbarste f\u00fcr eine Mama diesen Stern Monate lang unter dem Herzen zu tragen und die Bewegungen zu sp\u00fcren. Diese Erinnerungen bleiben ein Leben lang, sie erl\u00f6schen nicht. Du bist der Stern in [&hellip;]<\/p>\n","protected":false},"author":3,"featured_media":3559,"comment_status":"closed","ping_status":"open","sticky":false,"template":"","format":"standard","meta":{"_et_pb_use_builder":"","_et_pb_old_content":"","_et_gb_content_width":""},"categories":[8],"tags":[],"_links":{"self":[{"href":"https:\/\/fabijennas-seeleninsel.de\/wordpress\/wp-json\/wp\/v2\/posts\/3558"}],"collection":[{"href":"https:\/\/fabijennas-seeleninsel.de\/wordpress\/wp-json\/wp\/v2\/posts"}],"about":[{"href":"https:\/\/fabijennas-seeleninsel.de\/wordpress\/wp-json\/wp\/v2\/types\/post"}],"author":[{"embeddable":true,"href":"https:\/\/fabijennas-seeleninsel.de\/wordpress\/wp-json\/wp\/v2\/users\/3"}],"replies":[{"embeddable":true,"href":"https:\/\/fabijennas-seeleninsel.de\/wordpress\/wp-json\/wp\/v2\/comments?post=3558"}],"version-history":[{"count":1,"href":"https:\/\/fabijennas-seeleninsel.de\/wordpress\/wp-json\/wp\/v2\/posts\/3558\/revisions"}],"predecessor-version":[{"id":3560,"href":"https:\/\/fabijennas-seeleninsel.de\/wordpress\/wp-json\/wp\/v2\/posts\/3558\/revisions\/3560"}],"wp:featuredmedia":[{"embeddable":true,"href":"https:\/\/fabijennas-seeleninsel.de\/wordpress\/wp-json\/wp\/v2\/media\/3559"}],"wp:attachment":[{"href":"https:\/\/fabijennas-seeleninsel.de\/wordpress\/wp-json\/wp\/v2\/media?parent=3558"}],"wp:term":[{"taxonomy":"category","embeddable":true,"href":"https:\/\/fabijennas-seeleninsel.de\/wordpress\/wp-json\/wp\/v2\/categories?post=3558"},{"taxonomy":"post_tag","embeddable":true,"href":"https:\/\/fabijennas-seeleninsel.de\/wordpress\/wp-json\/wp\/v2\/tags?post=3558"}],"curies":[{"name":"wp","href":"https:\/\/api.w.org\/{rel}","templated":true}]}}