{"id":3561,"date":"2017-02-05T19:45:57","date_gmt":"2017-02-05T17:45:57","guid":{"rendered":"https:\/\/fabijennas-seeleninsel.de\/wordpress\/?p=3561"},"modified":"2017-02-05T19:45:57","modified_gmt":"2017-02-05T17:45:57","slug":"spiegleinspieglein","status":"publish","type":"post","link":"https:\/\/fabijennas-seeleninsel.de\/wordpress\/spiegleinspieglein\/","title":{"rendered":"Spieglein,Spieglein&#8230;."},"content":{"rendered":"<p>Spieglein , Spieglein<br \/>\nSpieglein Spieglein an der Wand wer ist die\/der sch\u00f6nste im ganzen Land?<br \/>\nSchau richtig in den Spiegel du liebes Kinderlein du wirst dich selbst erkennen, oder vielleicht nicht ? Ist es so schwer das zu erkennen?<br \/>\nF\u00fcr was ben\u00f6tigst du die Best\u00e4tigung schau in dein Inneres.<br \/>\nKeiner weiss es besser als du selbst das du in dir das ganze Universum tr\u00e4gst.<br \/>\nDas was du von dir h\u00e4ltst, spiegelst du dir selbst.<br \/>\nSo wie du dich siehst, spiegele ich dich ohne es sch\u00f6n zu reden zur\u00fcck.<br \/>\nSchaue nochmal tief in dein Inneres und erkenne Dich.<br \/>\nSpieglein Spieglein an der Wand ich brauche keine Best\u00e4tigung mehr ich habe es erkannt.<br \/>\nNamaste Hana Fabijenna \u2764\ufe0f\ufe0f?<\/p>\n<p>&nbsp;<\/p>\n<p><a href=\"https:\/\/fabijennas-seeleninsel.de\/wordpress\/wp-content\/uploads\/2017\/02\/12108171_1180429441971170_6737815277012414664_n.jpg\"><img loading=\"lazy\" class=\"alignnone size-medium wp-image-3562\" src=\"https:\/\/fabijennas-seeleninsel.de\/wordpress\/wp-content\/uploads\/2017\/02\/12108171_1180429441971170_6737815277012414664_n-640x480.jpg\" alt=\"12108171_1180429441971170_6737815277012414664_n\" width=\"640\" height=\"480\" data-wp-pid=\"3562\" srcset=\"https:\/\/fabijennas-seeleninsel.de\/wordpress\/wp-content\/uploads\/2017\/02\/12108171_1180429441971170_6737815277012414664_n-640x480.jpg 640w, https:\/\/fabijennas-seeleninsel.de\/wordpress\/wp-content\/uploads\/2017\/02\/12108171_1180429441971170_6737815277012414664_n-800x600.jpg 800w, https:\/\/fabijennas-seeleninsel.de\/wordpress\/wp-content\/uploads\/2017\/02\/12108171_1180429441971170_6737815277012414664_n.jpg 960w\" sizes=\"(max-width: 640px) 100vw, 640px\" \/><\/a><\/p>\n","protected":false},"excerpt":{"rendered":"<p>Spieglein , Spieglein Spieglein Spieglein an der Wand wer ist die\/der sch\u00f6nste im ganzen Land? Schau richtig in den Spiegel du liebes Kinderlein du wirst dich selbst erkennen, oder vielleicht nicht ? Ist es so schwer das zu erkennen? F\u00fcr was ben\u00f6tigst du die Best\u00e4tigung schau in dein Inneres. Keiner weiss es besser als du [&hellip;]<\/p>\n","protected":false},"author":3,"featured_media":3562,"comment_status":"closed","ping_status":"open","sticky":false,"template":"","format":"standard","meta":{"_et_pb_use_builder":"","_et_pb_old_content":"","_et_gb_content_width":""},"categories":[1],"tags":[],"_links":{"self":[{"href":"https:\/\/fabijennas-seeleninsel.de\/wordpress\/wp-json\/wp\/v2\/posts\/3561"}],"collection":[{"href":"https:\/\/fabijennas-seeleninsel.de\/wordpress\/wp-json\/wp\/v2\/posts"}],"about":[{"href":"https:\/\/fabijennas-seeleninsel.de\/wordpress\/wp-json\/wp\/v2\/types\/post"}],"author":[{"embeddable":true,"href":"https:\/\/fabijennas-seeleninsel.de\/wordpress\/wp-json\/wp\/v2\/users\/3"}],"replies":[{"embeddable":true,"href":"https:\/\/fabijennas-seeleninsel.de\/wordpress\/wp-json\/wp\/v2\/comments?post=3561"}],"version-history":[{"count":1,"href":"https:\/\/fabijennas-seeleninsel.de\/wordpress\/wp-json\/wp\/v2\/posts\/3561\/revisions"}],"predecessor-version":[{"id":3563,"href":"https:\/\/fabijennas-seeleninsel.de\/wordpress\/wp-json\/wp\/v2\/posts\/3561\/revisions\/3563"}],"wp:featuredmedia":[{"embeddable":true,"href":"https:\/\/fabijennas-seeleninsel.de\/wordpress\/wp-json\/wp\/v2\/media\/3562"}],"wp:attachment":[{"href":"https:\/\/fabijennas-seeleninsel.de\/wordpress\/wp-json\/wp\/v2\/media?parent=3561"}],"wp:term":[{"taxonomy":"category","embeddable":true,"href":"https:\/\/fabijennas-seeleninsel.de\/wordpress\/wp-json\/wp\/v2\/categories?post=3561"},{"taxonomy":"post_tag","embeddable":true,"href":"https:\/\/fabijennas-seeleninsel.de\/wordpress\/wp-json\/wp\/v2\/tags?post=3561"}],"curies":[{"name":"wp","href":"https:\/\/api.w.org\/{rel}","templated":true}]}}