{"id":3595,"date":"2017-02-19T17:41:30","date_gmt":"2017-02-19T15:41:30","guid":{"rendered":"https:\/\/fabijennas-seeleninsel.de\/wordpress\/?p=3595"},"modified":"2017-02-19T17:41:30","modified_gmt":"2017-02-19T15:41:30","slug":"workshop-mediales-kinder-malen","status":"publish","type":"post","link":"https:\/\/fabijennas-seeleninsel.de\/wordpress\/workshop-mediales-kinder-malen\/","title":{"rendered":"Workshop mediales Kinder malen"},"content":{"rendered":"<p>Ihr lieben es ist so weit, der n\u00e4chste Workshop mediales Kinder malen findet am 4.3.2017 um 14.00-17.30 Uhr bei mir im Atelier statt.<br \/>\nIch lade Kinder zwischen 5-12 Jahren ein auf eine Reise voller Fantasie in die bunte Welt ein.<br \/>\nWir werden zun\u00e4chst einen Kreis bilden und uns mit der Muttererde und dem Universum spielerisch verbinden. Wir werden eine Engel Karte ziehen und auch die Botschaft deuten. Nach einer kurzen Meditation werden wir unser Seelenbaum malen.<br \/>\nJedes menschliches Wesen Besitz im inneren einen Seelenbaum der voller bunter Sch\u00f6nheit leuchtet und diese leuchtende Sch\u00f6nheit bringen wir auf eine Leinwand.<br \/>\nWir werden ein Zauberstein malen und ich werde die Kinder anleiten und ihnen zeigen wie sie den Stein mit Energie aufladen k\u00f6nnen. So ein Zauberstein kann Wunder bewirken wenn es einem nicht gut geht.<br \/>\nDanach werden wir f\u00fcr die Mamis<br \/>\nzum Mutter Tag ein Geschenk basteln.<br \/>\nSnack, Obst und Getr\u00e4nke stehen bereit. Die Kinder m\u00fcssen nur Klamotten, die mit Farben beschmiert werden d\u00fcrfen und einen Zirkel mitnehmen. Der Kinder Workshop dauert von 14.00-17.30 Uhr. Energieausgleich f\u00fcr diesen Workshop betr\u00e4gt 40.- Euro. Leinwand, Farben Pinsel und alle Utensilien sind im Preis inbegriffen.<br \/>\nKursteilnehmer 10 Kinder<br \/>\nUm planen zu k\u00f6nnen werden nur feste Zusagen angenommen. Ich bitte um Verst\u00e4ndnis<br \/>\nNamaste Hana Fabijenna<\/p>\n<p>&nbsp;<\/p>\n<p><a href=\"https:\/\/fabijennas-seeleninsel.de\/wordpress\/wp-content\/uploads\/2017\/02\/15037181_1192189097526722_6802562863174537464_n.jpg\"><img loading=\"lazy\" class=\"alignnone size-medium wp-image-3596\" src=\"https:\/\/fabijennas-seeleninsel.de\/wordpress\/wp-content\/uploads\/2017\/02\/15037181_1192189097526722_6802562863174537464_n-640x480.jpg\" alt=\"15037181_1192189097526722_6802562863174537464_n\" width=\"640\" height=\"480\" data-wp-pid=\"3596\" srcset=\"https:\/\/fabijennas-seeleninsel.de\/wordpress\/wp-content\/uploads\/2017\/02\/15037181_1192189097526722_6802562863174537464_n-640x480.jpg 640w, https:\/\/fabijennas-seeleninsel.de\/wordpress\/wp-content\/uploads\/2017\/02\/15037181_1192189097526722_6802562863174537464_n-800x600.jpg 800w, https:\/\/fabijennas-seeleninsel.de\/wordpress\/wp-content\/uploads\/2017\/02\/15037181_1192189097526722_6802562863174537464_n.jpg 960w\" sizes=\"(max-width: 640px) 100vw, 640px\" \/><\/a><\/p>\n","protected":false},"excerpt":{"rendered":"<p>Ihr lieben es ist so weit, der n\u00e4chste Workshop mediales Kinder malen findet am 4.3.2017 um 14.00-17.30 Uhr bei mir im Atelier statt. Ich lade Kinder zwischen 5-12 Jahren ein auf eine Reise voller Fantasie in die bunte Welt ein. Wir werden zun\u00e4chst einen Kreis bilden und uns mit der Muttererde und dem Universum spielerisch [&hellip;]<\/p>\n","protected":false},"author":3,"featured_media":3596,"comment_status":"closed","ping_status":"open","sticky":false,"template":"","format":"standard","meta":{"_et_pb_use_builder":"","_et_pb_old_content":"","_et_gb_content_width":""},"categories":[1],"tags":[],"_links":{"self":[{"href":"https:\/\/fabijennas-seeleninsel.de\/wordpress\/wp-json\/wp\/v2\/posts\/3595"}],"collection":[{"href":"https:\/\/fabijennas-seeleninsel.de\/wordpress\/wp-json\/wp\/v2\/posts"}],"about":[{"href":"https:\/\/fabijennas-seeleninsel.de\/wordpress\/wp-json\/wp\/v2\/types\/post"}],"author":[{"embeddable":true,"href":"https:\/\/fabijennas-seeleninsel.de\/wordpress\/wp-json\/wp\/v2\/users\/3"}],"replies":[{"embeddable":true,"href":"https:\/\/fabijennas-seeleninsel.de\/wordpress\/wp-json\/wp\/v2\/comments?post=3595"}],"version-history":[{"count":1,"href":"https:\/\/fabijennas-seeleninsel.de\/wordpress\/wp-json\/wp\/v2\/posts\/3595\/revisions"}],"predecessor-version":[{"id":3597,"href":"https:\/\/fabijennas-seeleninsel.de\/wordpress\/wp-json\/wp\/v2\/posts\/3595\/revisions\/3597"}],"wp:featuredmedia":[{"embeddable":true,"href":"https:\/\/fabijennas-seeleninsel.de\/wordpress\/wp-json\/wp\/v2\/media\/3596"}],"wp:attachment":[{"href":"https:\/\/fabijennas-seeleninsel.de\/wordpress\/wp-json\/wp\/v2\/media?parent=3595"}],"wp:term":[{"taxonomy":"category","embeddable":true,"href":"https:\/\/fabijennas-seeleninsel.de\/wordpress\/wp-json\/wp\/v2\/categories?post=3595"},{"taxonomy":"post_tag","embeddable":true,"href":"https:\/\/fabijennas-seeleninsel.de\/wordpress\/wp-json\/wp\/v2\/tags?post=3595"}],"curies":[{"name":"wp","href":"https:\/\/api.w.org\/{rel}","templated":true}]}}