{"id":3598,"date":"2017-02-19T17:50:03","date_gmt":"2017-02-19T15:50:03","guid":{"rendered":"https:\/\/fabijennas-seeleninsel.de\/wordpress\/?p=3598"},"modified":"2017-02-19T17:50:03","modified_gmt":"2017-02-19T15:50:03","slug":"unsere-gedanken","status":"publish","type":"post","link":"https:\/\/fabijennas-seeleninsel.de\/wordpress\/unsere-gedanken\/","title":{"rendered":"Unsere Gedanken&#8230;"},"content":{"rendered":"<p>Unsere Gedanken beeinflussen uns.<br \/>\nSie machen uns krank oder gesund.<br \/>\nSie machen uns ohnm\u00e4chtig oder mutig.<br \/>\nSie machen uns schwach oder stark.<br \/>\nSie machen uns fr\u00f6hlich oder traurig.<br \/>\nSie machen uns Schuldgef\u00fchle oder gl\u00fccklich.<br \/>\nWir sind das was wir denken<br \/>\nNamaste Hana Fabijenna<\/p>\n<p>&nbsp;<\/p>\n<p><a href=\"https:\/\/fabijennas-seeleninsel.de\/wordpress\/wp-content\/uploads\/2017\/02\/IMG_8351.jpg\"><img loading=\"lazy\" class=\"alignnone size-medium wp-image-3599\" src=\"https:\/\/fabijennas-seeleninsel.de\/wordpress\/wp-content\/uploads\/2017\/02\/IMG_8351-640x480.jpg\" alt=\"IMG_8351\" width=\"640\" height=\"480\" data-wp-pid=\"3599\" srcset=\"https:\/\/fabijennas-seeleninsel.de\/wordpress\/wp-content\/uploads\/2017\/02\/IMG_8351-640x480.jpg 640w, https:\/\/fabijennas-seeleninsel.de\/wordpress\/wp-content\/uploads\/2017\/02\/IMG_8351-1024x768.jpg 1024w, https:\/\/fabijennas-seeleninsel.de\/wordpress\/wp-content\/uploads\/2017\/02\/IMG_8351-800x600.jpg 800w\" sizes=\"(max-width: 640px) 100vw, 640px\" \/><\/a><\/p>\n","protected":false},"excerpt":{"rendered":"<p>Unsere Gedanken beeinflussen uns. Sie machen uns krank oder gesund. Sie machen uns ohnm\u00e4chtig oder mutig. Sie machen uns schwach oder stark. Sie machen uns fr\u00f6hlich oder traurig. Sie machen uns Schuldgef\u00fchle oder gl\u00fccklich. Wir sind das was wir denken Namaste Hana Fabijenna &nbsp;<\/p>\n","protected":false},"author":3,"featured_media":3599,"comment_status":"closed","ping_status":"open","sticky":false,"template":"","format":"standard","meta":{"_et_pb_use_builder":"","_et_pb_old_content":"","_et_gb_content_width":""},"categories":[1],"tags":[],"_links":{"self":[{"href":"https:\/\/fabijennas-seeleninsel.de\/wordpress\/wp-json\/wp\/v2\/posts\/3598"}],"collection":[{"href":"https:\/\/fabijennas-seeleninsel.de\/wordpress\/wp-json\/wp\/v2\/posts"}],"about":[{"href":"https:\/\/fabijennas-seeleninsel.de\/wordpress\/wp-json\/wp\/v2\/types\/post"}],"author":[{"embeddable":true,"href":"https:\/\/fabijennas-seeleninsel.de\/wordpress\/wp-json\/wp\/v2\/users\/3"}],"replies":[{"embeddable":true,"href":"https:\/\/fabijennas-seeleninsel.de\/wordpress\/wp-json\/wp\/v2\/comments?post=3598"}],"version-history":[{"count":1,"href":"https:\/\/fabijennas-seeleninsel.de\/wordpress\/wp-json\/wp\/v2\/posts\/3598\/revisions"}],"predecessor-version":[{"id":3600,"href":"https:\/\/fabijennas-seeleninsel.de\/wordpress\/wp-json\/wp\/v2\/posts\/3598\/revisions\/3600"}],"wp:featuredmedia":[{"embeddable":true,"href":"https:\/\/fabijennas-seeleninsel.de\/wordpress\/wp-json\/wp\/v2\/media\/3599"}],"wp:attachment":[{"href":"https:\/\/fabijennas-seeleninsel.de\/wordpress\/wp-json\/wp\/v2\/media?parent=3598"}],"wp:term":[{"taxonomy":"category","embeddable":true,"href":"https:\/\/fabijennas-seeleninsel.de\/wordpress\/wp-json\/wp\/v2\/categories?post=3598"},{"taxonomy":"post_tag","embeddable":true,"href":"https:\/\/fabijennas-seeleninsel.de\/wordpress\/wp-json\/wp\/v2\/tags?post=3598"}],"curies":[{"name":"wp","href":"https:\/\/api.w.org\/{rel}","templated":true}]}}