{"id":3609,"date":"2017-02-20T13:33:55","date_gmt":"2017-02-20T11:33:55","guid":{"rendered":"https:\/\/fabijennas-seeleninsel.de\/wordpress\/?p=3609"},"modified":"2017-02-20T13:33:55","modified_gmt":"2017-02-20T11:33:55","slug":"gesundheitsmesse-toeging-inn","status":"publish","type":"post","link":"https:\/\/fabijennas-seeleninsel.de\/wordpress\/gesundheitsmesse-toeging-inn\/","title":{"rendered":"Gesundheitsmesse T\u00f6ging \/Inn"},"content":{"rendered":"<p>Ich freue mich das ich auf dieser Alternativen Gesundheitsmesse in T\u00f6ging auch einen Stand habe.<br \/>\nIch w\u00fcrde mich \u00fcber eueren Besuch sehr freuen. Dort k\u00f6nnt ihr meine Kunstwerke live anschauen und einen Einblick in meine Massage T\u00e4tigkeiten nehmen.<br \/>\nich w\u00fcrde mich sehr freuen wenn ihr diese Veranstaltung teilen w\u00fcrdet.<br \/>\nDanke Hana Fabijenna<\/p>\n<p>&nbsp;<\/p>\n<p><a href=\"https:\/\/fabijennas-seeleninsel.de\/wordpress\/wp-content\/uploads\/2017\/02\/16830945_1094554767336776_8511605975616373221_n.png\"><img loading=\"lazy\" class=\"alignnone size-full wp-image-3610\" src=\"https:\/\/fabijennas-seeleninsel.de\/wordpress\/wp-content\/uploads\/2017\/02\/16830945_1094554767336776_8511605975616373221_n.png\" alt=\"16830945_1094554767336776_8511605975616373221_n\" width=\"526\" height=\"190\" data-wp-pid=\"3610\" \/><\/a><\/p>\n","protected":false},"excerpt":{"rendered":"<p>Ich freue mich das ich auf dieser Alternativen Gesundheitsmesse in T\u00f6ging auch einen Stand habe. Ich w\u00fcrde mich \u00fcber eueren Besuch sehr freuen. Dort k\u00f6nnt ihr meine Kunstwerke live anschauen und einen Einblick in meine Massage T\u00e4tigkeiten nehmen. ich w\u00fcrde mich sehr freuen wenn ihr diese Veranstaltung teilen w\u00fcrdet. Danke Hana Fabijenna &nbsp;<\/p>\n","protected":false},"author":3,"featured_media":3610,"comment_status":"closed","ping_status":"open","sticky":false,"template":"","format":"standard","meta":{"_et_pb_use_builder":"","_et_pb_old_content":"","_et_gb_content_width":""},"categories":[1],"tags":[],"_links":{"self":[{"href":"https:\/\/fabijennas-seeleninsel.de\/wordpress\/wp-json\/wp\/v2\/posts\/3609"}],"collection":[{"href":"https:\/\/fabijennas-seeleninsel.de\/wordpress\/wp-json\/wp\/v2\/posts"}],"about":[{"href":"https:\/\/fabijennas-seeleninsel.de\/wordpress\/wp-json\/wp\/v2\/types\/post"}],"author":[{"embeddable":true,"href":"https:\/\/fabijennas-seeleninsel.de\/wordpress\/wp-json\/wp\/v2\/users\/3"}],"replies":[{"embeddable":true,"href":"https:\/\/fabijennas-seeleninsel.de\/wordpress\/wp-json\/wp\/v2\/comments?post=3609"}],"version-history":[{"count":1,"href":"https:\/\/fabijennas-seeleninsel.de\/wordpress\/wp-json\/wp\/v2\/posts\/3609\/revisions"}],"predecessor-version":[{"id":3611,"href":"https:\/\/fabijennas-seeleninsel.de\/wordpress\/wp-json\/wp\/v2\/posts\/3609\/revisions\/3611"}],"wp:featuredmedia":[{"embeddable":true,"href":"https:\/\/fabijennas-seeleninsel.de\/wordpress\/wp-json\/wp\/v2\/media\/3610"}],"wp:attachment":[{"href":"https:\/\/fabijennas-seeleninsel.de\/wordpress\/wp-json\/wp\/v2\/media?parent=3609"}],"wp:term":[{"taxonomy":"category","embeddable":true,"href":"https:\/\/fabijennas-seeleninsel.de\/wordpress\/wp-json\/wp\/v2\/categories?post=3609"},{"taxonomy":"post_tag","embeddable":true,"href":"https:\/\/fabijennas-seeleninsel.de\/wordpress\/wp-json\/wp\/v2\/tags?post=3609"}],"curies":[{"name":"wp","href":"https:\/\/api.w.org\/{rel}","templated":true}]}}