{"id":3637,"date":"2017-02-24T19:48:51","date_gmt":"2017-02-24T17:48:51","guid":{"rendered":"https:\/\/fabijennas-seeleninsel.de\/wordpress\/?p=3637"},"modified":"2017-02-24T19:48:51","modified_gmt":"2017-02-24T17:48:51","slug":"wer-kennt-es-nicht","status":"publish","type":"post","link":"https:\/\/fabijennas-seeleninsel.de\/wordpress\/wer-kennt-es-nicht\/","title":{"rendered":"Wer kennt es nicht?"},"content":{"rendered":"<p>Wer kennt es nicht? R\u00fcckenschmerzen geh\u00f6ren zu den verbreitesten k\u00f6rperlichen Beschwerden.<br \/>\nStress, Hektik, Fehlhaltung, Bewegungsmangel, seelische Beschwerden &#8230;. sind die Antworten durch unsere R\u00fcckenschmerzen.<br \/>\nDie Muskeln verspannen und verkrampfen sich und die Schmerzen strahlen durch den R\u00fccken, die Schulter, den Nacken und den Kopf.<br \/>\nSolche Beschwerden verursachen sehr h\u00e4ufig auch Kopfschmerzen.<br \/>\nWenn wir unseren K\u00f6rper nicht dehnen und wenig Bewegung haben verkleben und verh\u00e4rten sich unsere Faszien.<br \/>\nDas Faszien Gewebe befindet sich \u00fcberall im K\u00f6rper.<br \/>\nSind die Faszien verklebt und verh\u00e4rtet verursachen sie uns starke Schmerzen.<br \/>\nBei meiner R\u00fccken Massage wird der Nacken, die Schultern und der R\u00fccken mit dem Ellenbogen und dem Daumen gedr\u00fcckt, geknetet und gedehnt.<br \/>\nSomit l\u00f6se ich Verspannungen und die Schmerzen werden gelindert.<br \/>\nBehandlungsdauer 30 min.-25 Euro<\/p>\n<p>&nbsp;<\/p>\n<p><a href=\"https:\/\/fabijennas-seeleninsel.de\/wordpress\/wp-content\/uploads\/2017\/02\/16649178_1752666704872669_4641549680436845711_n.jpg\"><img loading=\"lazy\" class=\"alignnone size-medium wp-image-3638\" src=\"https:\/\/fabijennas-seeleninsel.de\/wordpress\/wp-content\/uploads\/2017\/02\/16649178_1752666704872669_4641549680436845711_n-640x480.jpg\" alt=\"16649178_1752666704872669_4641549680436845711_n\" width=\"640\" height=\"480\" data-wp-pid=\"3638\" srcset=\"https:\/\/fabijennas-seeleninsel.de\/wordpress\/wp-content\/uploads\/2017\/02\/16649178_1752666704872669_4641549680436845711_n-640x480.jpg 640w, https:\/\/fabijennas-seeleninsel.de\/wordpress\/wp-content\/uploads\/2017\/02\/16649178_1752666704872669_4641549680436845711_n-800x600.jpg 800w, https:\/\/fabijennas-seeleninsel.de\/wordpress\/wp-content\/uploads\/2017\/02\/16649178_1752666704872669_4641549680436845711_n.jpg 960w\" sizes=\"(max-width: 640px) 100vw, 640px\" \/><\/a><\/p>\n","protected":false},"excerpt":{"rendered":"<p>Wer kennt es nicht? R\u00fcckenschmerzen geh\u00f6ren zu den verbreitesten k\u00f6rperlichen Beschwerden. Stress, Hektik, Fehlhaltung, Bewegungsmangel, seelische Beschwerden &#8230;. sind die Antworten durch unsere R\u00fcckenschmerzen. Die Muskeln verspannen und verkrampfen sich und die Schmerzen strahlen durch den R\u00fccken, die Schulter, den Nacken und den Kopf. Solche Beschwerden verursachen sehr h\u00e4ufig auch Kopfschmerzen. Wenn wir unseren K\u00f6rper [&hellip;]<\/p>\n","protected":false},"author":3,"featured_media":3638,"comment_status":"closed","ping_status":"open","sticky":false,"template":"","format":"standard","meta":{"_et_pb_use_builder":"","_et_pb_old_content":"","_et_gb_content_width":""},"categories":[1],"tags":[],"_links":{"self":[{"href":"https:\/\/fabijennas-seeleninsel.de\/wordpress\/wp-json\/wp\/v2\/posts\/3637"}],"collection":[{"href":"https:\/\/fabijennas-seeleninsel.de\/wordpress\/wp-json\/wp\/v2\/posts"}],"about":[{"href":"https:\/\/fabijennas-seeleninsel.de\/wordpress\/wp-json\/wp\/v2\/types\/post"}],"author":[{"embeddable":true,"href":"https:\/\/fabijennas-seeleninsel.de\/wordpress\/wp-json\/wp\/v2\/users\/3"}],"replies":[{"embeddable":true,"href":"https:\/\/fabijennas-seeleninsel.de\/wordpress\/wp-json\/wp\/v2\/comments?post=3637"}],"version-history":[{"count":1,"href":"https:\/\/fabijennas-seeleninsel.de\/wordpress\/wp-json\/wp\/v2\/posts\/3637\/revisions"}],"predecessor-version":[{"id":3639,"href":"https:\/\/fabijennas-seeleninsel.de\/wordpress\/wp-json\/wp\/v2\/posts\/3637\/revisions\/3639"}],"wp:featuredmedia":[{"embeddable":true,"href":"https:\/\/fabijennas-seeleninsel.de\/wordpress\/wp-json\/wp\/v2\/media\/3638"}],"wp:attachment":[{"href":"https:\/\/fabijennas-seeleninsel.de\/wordpress\/wp-json\/wp\/v2\/media?parent=3637"}],"wp:term":[{"taxonomy":"category","embeddable":true,"href":"https:\/\/fabijennas-seeleninsel.de\/wordpress\/wp-json\/wp\/v2\/categories?post=3637"},{"taxonomy":"post_tag","embeddable":true,"href":"https:\/\/fabijennas-seeleninsel.de\/wordpress\/wp-json\/wp\/v2\/tags?post=3637"}],"curies":[{"name":"wp","href":"https:\/\/api.w.org\/{rel}","templated":true}]}}