{"id":3645,"date":"2017-02-27T20:20:26","date_gmt":"2017-02-27T18:20:26","guid":{"rendered":"https:\/\/fabijennas-seeleninsel.de\/wordpress\/?p=3645"},"modified":"2017-02-27T20:20:26","modified_gmt":"2017-02-27T18:20:26","slug":"goettin-des-puren-lebens","status":"publish","type":"post","link":"https:\/\/fabijennas-seeleninsel.de\/wordpress\/goettin-des-puren-lebens\/","title":{"rendered":"G\u00f6ttin des puren Lebens"},"content":{"rendered":"<p>.Energie\/Kraftbild: G\u00f6ttin des puren Lebens.<br \/>\nJeden Augenblick zu genie\u00dfen ist das pure Leben.<br \/>\nMit jedem Atemzug atme ich Leben ein. Mit jedem Atemzug sp\u00fcre ich die positive Lebensenergie die mich durchstr\u00f6mt!<\/p>\n<p>Die G\u00f6ttin ist auf einem Holzbrett gemalt.<br \/>\nAcrylfarben, Blattgold, Strasssteine , Finnischlack.<br \/>\nAuf der anderen Seite habe ich in einen Hacken zum aufh\u00e4ngen angebracht<\/p>\n<p>Energieausgleich: 180 Euro+Versand<br \/>\nDie Farben k\u00f6nnen ein wenig abweichen. Die Farbe ist strahlend gr\u00fcn-T\u00fcrkis. In natura ist das Bild viel sch\u00f6ner und intensiver<\/p>\n<p>Gr\u00f6\u00dfe: 120x15cm<\/p>\n<p>&nbsp;<\/p>\n<p><a href=\"https:\/\/fabijennas-seeleninsel.de\/wordpress\/wp-content\/uploads\/2017\/02\/17021812_1295836600495304_5311008687284683415_n.jpg\"><img loading=\"lazy\" class=\"alignnone size-medium wp-image-3646\" src=\"https:\/\/fabijennas-seeleninsel.de\/wordpress\/wp-content\/uploads\/2017\/02\/17021812_1295836600495304_5311008687284683415_n-320x480.jpg\" alt=\"17021812_1295836600495304_5311008687284683415_n\" width=\"320\" height=\"480\" data-wp-pid=\"3646\" srcset=\"https:\/\/fabijennas-seeleninsel.de\/wordpress\/wp-content\/uploads\/2017\/02\/17021812_1295836600495304_5311008687284683415_n-320x480.jpg 320w, https:\/\/fabijennas-seeleninsel.de\/wordpress\/wp-content\/uploads\/2017\/02\/17021812_1295836600495304_5311008687284683415_n-533x800.jpg 533w, https:\/\/fabijennas-seeleninsel.de\/wordpress\/wp-content\/uploads\/2017\/02\/17021812_1295836600495304_5311008687284683415_n.jpg 640w\" sizes=\"(max-width: 320px) 100vw, 320px\" \/><\/a> <a href=\"https:\/\/fabijennas-seeleninsel.de\/wordpress\/wp-content\/uploads\/2017\/02\/17022009_1295836513828646_2746083612752438103_n.jpg\"><img loading=\"lazy\" class=\"alignnone size-medium wp-image-3647\" src=\"https:\/\/fabijennas-seeleninsel.de\/wordpress\/wp-content\/uploads\/2017\/02\/17022009_1295836513828646_2746083612752438103_n-320x480.jpg\" alt=\"17022009_1295836513828646_2746083612752438103_n\" width=\"320\" height=\"480\" data-wp-pid=\"3647\" srcset=\"https:\/\/fabijennas-seeleninsel.de\/wordpress\/wp-content\/uploads\/2017\/02\/17022009_1295836513828646_2746083612752438103_n-320x480.jpg 320w, https:\/\/fabijennas-seeleninsel.de\/wordpress\/wp-content\/uploads\/2017\/02\/17022009_1295836513828646_2746083612752438103_n-533x800.jpg 533w, https:\/\/fabijennas-seeleninsel.de\/wordpress\/wp-content\/uploads\/2017\/02\/17022009_1295836513828646_2746083612752438103_n.jpg 640w\" sizes=\"(max-width: 320px) 100vw, 320px\" \/><\/a><a href=\"https:\/\/fabijennas-seeleninsel.de\/wordpress\/wp-content\/uploads\/2017\/02\/16996261_1295836593828638_2184991056407772036_n.jpg\"><img loading=\"lazy\" class=\"alignnone size-medium wp-image-3648\" src=\"https:\/\/fabijennas-seeleninsel.de\/wordpress\/wp-content\/uploads\/2017\/02\/16996261_1295836593828638_2184991056407772036_n-320x480.jpg\" alt=\"16996261_1295836593828638_2184991056407772036_n\" width=\"320\" height=\"480\" data-wp-pid=\"3648\" srcset=\"https:\/\/fabijennas-seeleninsel.de\/wordpress\/wp-content\/uploads\/2017\/02\/16996261_1295836593828638_2184991056407772036_n-320x480.jpg 320w, https:\/\/fabijennas-seeleninsel.de\/wordpress\/wp-content\/uploads\/2017\/02\/16996261_1295836593828638_2184991056407772036_n-533x800.jpg 533w, https:\/\/fabijennas-seeleninsel.de\/wordpress\/wp-content\/uploads\/2017\/02\/16996261_1295836593828638_2184991056407772036_n.jpg 640w\" sizes=\"(max-width: 320px) 100vw, 320px\" \/><\/a><a href=\"https:\/\/fabijennas-seeleninsel.de\/wordpress\/wp-content\/uploads\/2017\/02\/16865222_1295836510495313_2025827749130883500_n.jpg\"><img loading=\"lazy\" class=\"alignnone size-medium wp-image-3649\" src=\"https:\/\/fabijennas-seeleninsel.de\/wordpress\/wp-content\/uploads\/2017\/02\/16865222_1295836510495313_2025827749130883500_n-360x480.jpg\" alt=\"16865222_1295836510495313_2025827749130883500_n\" width=\"360\" height=\"480\" data-wp-pid=\"3649\" srcset=\"https:\/\/fabijennas-seeleninsel.de\/wordpress\/wp-content\/uploads\/2017\/02\/16865222_1295836510495313_2025827749130883500_n-360x480.jpg 360w, https:\/\/fabijennas-seeleninsel.de\/wordpress\/wp-content\/uploads\/2017\/02\/16865222_1295836510495313_2025827749130883500_n-600x800.jpg 600w, https:\/\/fabijennas-seeleninsel.de\/wordpress\/wp-content\/uploads\/2017\/02\/16865222_1295836510495313_2025827749130883500_n.jpg 720w\" sizes=\"(max-width: 360px) 100vw, 360px\" \/><\/a><\/p>\n","protected":false},"excerpt":{"rendered":"<p>.Energie\/Kraftbild: G\u00f6ttin des puren Lebens. Jeden Augenblick zu genie\u00dfen ist das pure Leben. Mit jedem Atemzug atme ich Leben ein. Mit jedem Atemzug sp\u00fcre ich die positive Lebensenergie die mich durchstr\u00f6mt! Die G\u00f6ttin ist auf einem Holzbrett gemalt. Acrylfarben, Blattgold, Strasssteine , Finnischlack. Auf der anderen Seite habe ich in einen Hacken zum aufh\u00e4ngen angebracht [&hellip;]<\/p>\n","protected":false},"author":3,"featured_media":3647,"comment_status":"closed","ping_status":"open","sticky":false,"template":"","format":"standard","meta":{"_et_pb_use_builder":"","_et_pb_old_content":"","_et_gb_content_width":""},"categories":[6],"tags":[],"_links":{"self":[{"href":"https:\/\/fabijennas-seeleninsel.de\/wordpress\/wp-json\/wp\/v2\/posts\/3645"}],"collection":[{"href":"https:\/\/fabijennas-seeleninsel.de\/wordpress\/wp-json\/wp\/v2\/posts"}],"about":[{"href":"https:\/\/fabijennas-seeleninsel.de\/wordpress\/wp-json\/wp\/v2\/types\/post"}],"author":[{"embeddable":true,"href":"https:\/\/fabijennas-seeleninsel.de\/wordpress\/wp-json\/wp\/v2\/users\/3"}],"replies":[{"embeddable":true,"href":"https:\/\/fabijennas-seeleninsel.de\/wordpress\/wp-json\/wp\/v2\/comments?post=3645"}],"version-history":[{"count":1,"href":"https:\/\/fabijennas-seeleninsel.de\/wordpress\/wp-json\/wp\/v2\/posts\/3645\/revisions"}],"predecessor-version":[{"id":3650,"href":"https:\/\/fabijennas-seeleninsel.de\/wordpress\/wp-json\/wp\/v2\/posts\/3645\/revisions\/3650"}],"wp:featuredmedia":[{"embeddable":true,"href":"https:\/\/fabijennas-seeleninsel.de\/wordpress\/wp-json\/wp\/v2\/media\/3647"}],"wp:attachment":[{"href":"https:\/\/fabijennas-seeleninsel.de\/wordpress\/wp-json\/wp\/v2\/media?parent=3645"}],"wp:term":[{"taxonomy":"category","embeddable":true,"href":"https:\/\/fabijennas-seeleninsel.de\/wordpress\/wp-json\/wp\/v2\/categories?post=3645"},{"taxonomy":"post_tag","embeddable":true,"href":"https:\/\/fabijennas-seeleninsel.de\/wordpress\/wp-json\/wp\/v2\/tags?post=3645"}],"curies":[{"name":"wp","href":"https:\/\/api.w.org\/{rel}","templated":true}]}}