{"id":3660,"date":"2017-03-01T17:38:45","date_gmt":"2017-03-01T15:38:45","guid":{"rendered":"https:\/\/fabijennas-seeleninsel.de\/wordpress\/?p=3660"},"modified":"2017-03-01T17:38:45","modified_gmt":"2017-03-01T15:38:45","slug":"die-kreativitaet","status":"publish","type":"post","link":"https:\/\/fabijennas-seeleninsel.de\/wordpress\/die-kreativitaet\/","title":{"rendered":"Die Kreativit\u00e4t&#8230;."},"content":{"rendered":"<p>Die Kreativit\u00e4t ist f\u00fcr mich wie das glitzern der Sterne, wie der sanfte Fl\u00fcgelschlag eines Engels oder wie der wildeste Vulkan ? der ausbrechen m\u00f6chte. Ich empfinde unterschiedliche Gef\u00fchle bei unterschiedlichen Werken.<br \/>\nMein Herz ist weit ge\u00f6ffnet und ich lasse durch meine H\u00e4nde die Energien in die Kunstwerke flie\u00dfen. Es entsteht ein Zauber. Die Farben tanzen miteinander und verschmelzen in eine wundervolle Pracht. Die H\u00e4nde sind das verl\u00e4ngerte Herz und die Liebe flie\u00dft unverhindert in das Kunstwerk.<br \/>\nMein Herz singt vor Freude, meine Seele breitet ihre Fl\u00fcgel aus und ich versp\u00fcre nur reine Liebe.<br \/>\nWenn das Herz strahlt, strahlt auch das Bild.<br \/>\nDie Kreativit\u00e4t hat keine Grenzen und Kreativit\u00e4t kann man nicht begrenzen. So wie deine Seele keine Begrenzung kennt, sie ist unendlich. Kreativit\u00e4t darf und sollte unverhindert flie\u00dfen, das ist der Abdruck deiner grenzenlose Seele.<br \/>\nNamaste (c)Hana Fabijenna ??\u2764\u2764\ufe0f<\/p>\n<p>&nbsp;<\/p>\n<p><a href=\"https:\/\/fabijennas-seeleninsel.de\/wordpress\/wp-content\/uploads\/2017\/03\/17021907_1296267010452263_6366950258743306249_n.jpg\"><img loading=\"lazy\" class=\"alignnone size-full wp-image-3661\" src=\"https:\/\/fabijennas-seeleninsel.de\/wordpress\/wp-content\/uploads\/2017\/03\/17021907_1296267010452263_6366950258743306249_n.jpg\" alt=\"17021907_1296267010452263_6366950258743306249_n\" width=\"525\" height=\"342\" data-wp-pid=\"3661\" srcset=\"https:\/\/fabijennas-seeleninsel.de\/wordpress\/wp-content\/uploads\/2017\/03\/17021907_1296267010452263_6366950258743306249_n.jpg 525w, https:\/\/fabijennas-seeleninsel.de\/wordpress\/wp-content\/uploads\/2017\/03\/17021907_1296267010452263_6366950258743306249_n-207x136.jpg 207w, https:\/\/fabijennas-seeleninsel.de\/wordpress\/wp-content\/uploads\/2017\/03\/17021907_1296267010452263_6366950258743306249_n-260x170.jpg 260w\" sizes=\"(max-width: 525px) 100vw, 525px\" \/><\/a><\/p>\n","protected":false},"excerpt":{"rendered":"<p>Die Kreativit\u00e4t ist f\u00fcr mich wie das glitzern der Sterne, wie der sanfte Fl\u00fcgelschlag eines Engels oder wie der wildeste Vulkan ? der ausbrechen m\u00f6chte. Ich empfinde unterschiedliche Gef\u00fchle bei unterschiedlichen Werken. Mein Herz ist weit ge\u00f6ffnet und ich lasse durch meine H\u00e4nde die Energien in die Kunstwerke flie\u00dfen. Es entsteht ein Zauber. Die Farben [&hellip;]<\/p>\n","protected":false},"author":3,"featured_media":3661,"comment_status":"closed","ping_status":"open","sticky":false,"template":"","format":"standard","meta":{"_et_pb_use_builder":"","_et_pb_old_content":"","_et_gb_content_width":""},"categories":[1],"tags":[],"_links":{"self":[{"href":"https:\/\/fabijennas-seeleninsel.de\/wordpress\/wp-json\/wp\/v2\/posts\/3660"}],"collection":[{"href":"https:\/\/fabijennas-seeleninsel.de\/wordpress\/wp-json\/wp\/v2\/posts"}],"about":[{"href":"https:\/\/fabijennas-seeleninsel.de\/wordpress\/wp-json\/wp\/v2\/types\/post"}],"author":[{"embeddable":true,"href":"https:\/\/fabijennas-seeleninsel.de\/wordpress\/wp-json\/wp\/v2\/users\/3"}],"replies":[{"embeddable":true,"href":"https:\/\/fabijennas-seeleninsel.de\/wordpress\/wp-json\/wp\/v2\/comments?post=3660"}],"version-history":[{"count":1,"href":"https:\/\/fabijennas-seeleninsel.de\/wordpress\/wp-json\/wp\/v2\/posts\/3660\/revisions"}],"predecessor-version":[{"id":3662,"href":"https:\/\/fabijennas-seeleninsel.de\/wordpress\/wp-json\/wp\/v2\/posts\/3660\/revisions\/3662"}],"wp:featuredmedia":[{"embeddable":true,"href":"https:\/\/fabijennas-seeleninsel.de\/wordpress\/wp-json\/wp\/v2\/media\/3661"}],"wp:attachment":[{"href":"https:\/\/fabijennas-seeleninsel.de\/wordpress\/wp-json\/wp\/v2\/media?parent=3660"}],"wp:term":[{"taxonomy":"category","embeddable":true,"href":"https:\/\/fabijennas-seeleninsel.de\/wordpress\/wp-json\/wp\/v2\/categories?post=3660"},{"taxonomy":"post_tag","embeddable":true,"href":"https:\/\/fabijennas-seeleninsel.de\/wordpress\/wp-json\/wp\/v2\/tags?post=3660"}],"curies":[{"name":"wp","href":"https:\/\/api.w.org\/{rel}","templated":true}]}}