{"id":3729,"date":"2017-03-19T11:22:48","date_gmt":"2017-03-19T09:22:48","guid":{"rendered":"https:\/\/fabijennas-seeleninsel.de\/wordpress\/?p=3729"},"modified":"2017-03-28T09:53:01","modified_gmt":"2017-03-28T07:53:01","slug":"ich-male-mir-mein-glueck","status":"publish","type":"post","link":"https:\/\/fabijennas-seeleninsel.de\/wordpress\/ich-male-mir-mein-glueck\/","title":{"rendered":"Ich male mir mein Gl\u00fcck"},"content":{"rendered":"<p>Spirit Nostalgie- Ich male mir mein Gl\u00fcck<\/p>\n<p>&nbsp;<\/p>\n<p>Ich male mir mein Leben wie es mir gef\u00e4llt. Ich male, male, male mir mein Leben bunt und voller Zauber und Magie. Mit einem Zauberpinsel lege ich los und male mir einen magischen Ort. Zauber, Zauber ist \u00fcberall ich f\u00fchle mich wie Alice im Wunderland. Ich male, male, male mir mein Leben mit allen meinen W\u00fcnschen und g\u00f6ttlichem Segen. Gl\u00fcck steht an meiner Seite und das das ganze Leben lang so habe ich es mir aufgemalt. Bildgr\u00f6sse: 50x50x3,9cm Preis auf Anfrage Ich werde mich sehr freuen wenn meine Kunstwerke geteilt werden \u2764\u2764\u2764\ufe0f<\/p>\n<p>Energieausgleich: 139 Euro+Versand<\/p>\n<p>&nbsp;<\/p>\n<p><a href=\"https:\/\/fabijennas-seeleninsel.de\/wordpress\/wp-content\/uploads\/2017\/03\/17352426_1318395301572767_2778024636915316235_n.jpg\"><img loading=\"lazy\" class=\"alignnone size-medium wp-image-3730\" src=\"https:\/\/fabijennas-seeleninsel.de\/wordpress\/wp-content\/uploads\/2017\/03\/17352426_1318395301572767_2778024636915316235_n-450x480.jpg\" alt=\"17352426_1318395301572767_2778024636915316235_n\" width=\"450\" height=\"480\" data-wp-pid=\"3730\" srcset=\"https:\/\/fabijennas-seeleninsel.de\/wordpress\/wp-content\/uploads\/2017\/03\/17352426_1318395301572767_2778024636915316235_n-450x480.jpg 450w, https:\/\/fabijennas-seeleninsel.de\/wordpress\/wp-content\/uploads\/2017\/03\/17352426_1318395301572767_2778024636915316235_n-750x800.jpg 750w, https:\/\/fabijennas-seeleninsel.de\/wordpress\/wp-content\/uploads\/2017\/03\/17352426_1318395301572767_2778024636915316235_n-800x853.jpg 800w, https:\/\/fabijennas-seeleninsel.de\/wordpress\/wp-content\/uploads\/2017\/03\/17352426_1318395301572767_2778024636915316235_n.jpg 900w\" sizes=\"(max-width: 450px) 100vw, 450px\" \/><\/a> <a href=\"https:\/\/fabijennas-seeleninsel.de\/wordpress\/wp-content\/uploads\/2017\/03\/17352535_1318395398239424_3953701252480394459_n.jpg\"><img loading=\"lazy\" class=\"alignnone size-medium wp-image-3731\" src=\"https:\/\/fabijennas-seeleninsel.de\/wordpress\/wp-content\/uploads\/2017\/03\/17352535_1318395398239424_3953701252480394459_n-320x480.jpg\" alt=\"17352535_1318395398239424_3953701252480394459_n\" width=\"320\" height=\"480\" data-wp-pid=\"3731\" srcset=\"https:\/\/fabijennas-seeleninsel.de\/wordpress\/wp-content\/uploads\/2017\/03\/17352535_1318395398239424_3953701252480394459_n-320x480.jpg 320w, https:\/\/fabijennas-seeleninsel.de\/wordpress\/wp-content\/uploads\/2017\/03\/17352535_1318395398239424_3953701252480394459_n-533x800.jpg 533w, https:\/\/fabijennas-seeleninsel.de\/wordpress\/wp-content\/uploads\/2017\/03\/17352535_1318395398239424_3953701252480394459_n.jpg 640w\" sizes=\"(max-width: 320px) 100vw, 320px\" \/><\/a> <a href=\"https:\/\/fabijennas-seeleninsel.de\/wordpress\/wp-content\/uploads\/2017\/03\/17309074_1318395344906096_6320782912561744011_n.jpg\"><img loading=\"lazy\" class=\"alignnone size-medium wp-image-3732\" src=\"https:\/\/fabijennas-seeleninsel.de\/wordpress\/wp-content\/uploads\/2017\/03\/17309074_1318395344906096_6320782912561744011_n-640x427.jpg\" alt=\"17309074_1318395344906096_6320782912561744011_n\" width=\"640\" height=\"427\" data-wp-pid=\"3732\" srcset=\"https:\/\/fabijennas-seeleninsel.de\/wordpress\/wp-content\/uploads\/2017\/03\/17309074_1318395344906096_6320782912561744011_n-640x427.jpg 640w, https:\/\/fabijennas-seeleninsel.de\/wordpress\/wp-content\/uploads\/2017\/03\/17309074_1318395344906096_6320782912561744011_n-140x94.jpg 140w, https:\/\/fabijennas-seeleninsel.de\/wordpress\/wp-content\/uploads\/2017\/03\/17309074_1318395344906096_6320782912561744011_n-800x533.jpg 800w, https:\/\/fabijennas-seeleninsel.de\/wordpress\/wp-content\/uploads\/2017\/03\/17309074_1318395344906096_6320782912561744011_n.jpg 960w\" sizes=\"(max-width: 640px) 100vw, 640px\" \/><\/a><\/p>\n","protected":false},"excerpt":{"rendered":"<p>Spirit Nostalgie- Ich male mir mein Gl\u00fcck &nbsp; Ich male mir mein Leben wie es mir gef\u00e4llt. Ich male, male, male mir mein Leben bunt und voller Zauber und Magie. Mit einem Zauberpinsel lege ich los und male mir einen magischen Ort. Zauber, Zauber ist \u00fcberall ich f\u00fchle mich wie Alice im Wunderland. Ich male, [&hellip;]<\/p>\n","protected":false},"author":3,"featured_media":3730,"comment_status":"closed","ping_status":"open","sticky":false,"template":"","format":"standard","meta":{"_et_pb_use_builder":"","_et_pb_old_content":"","_et_gb_content_width":""},"categories":[1,6],"tags":[],"_links":{"self":[{"href":"https:\/\/fabijennas-seeleninsel.de\/wordpress\/wp-json\/wp\/v2\/posts\/3729"}],"collection":[{"href":"https:\/\/fabijennas-seeleninsel.de\/wordpress\/wp-json\/wp\/v2\/posts"}],"about":[{"href":"https:\/\/fabijennas-seeleninsel.de\/wordpress\/wp-json\/wp\/v2\/types\/post"}],"author":[{"embeddable":true,"href":"https:\/\/fabijennas-seeleninsel.de\/wordpress\/wp-json\/wp\/v2\/users\/3"}],"replies":[{"embeddable":true,"href":"https:\/\/fabijennas-seeleninsel.de\/wordpress\/wp-json\/wp\/v2\/comments?post=3729"}],"version-history":[{"count":3,"href":"https:\/\/fabijennas-seeleninsel.de\/wordpress\/wp-json\/wp\/v2\/posts\/3729\/revisions"}],"predecessor-version":[{"id":3756,"href":"https:\/\/fabijennas-seeleninsel.de\/wordpress\/wp-json\/wp\/v2\/posts\/3729\/revisions\/3756"}],"wp:featuredmedia":[{"embeddable":true,"href":"https:\/\/fabijennas-seeleninsel.de\/wordpress\/wp-json\/wp\/v2\/media\/3730"}],"wp:attachment":[{"href":"https:\/\/fabijennas-seeleninsel.de\/wordpress\/wp-json\/wp\/v2\/media?parent=3729"}],"wp:term":[{"taxonomy":"category","embeddable":true,"href":"https:\/\/fabijennas-seeleninsel.de\/wordpress\/wp-json\/wp\/v2\/categories?post=3729"},{"taxonomy":"post_tag","embeddable":true,"href":"https:\/\/fabijennas-seeleninsel.de\/wordpress\/wp-json\/wp\/v2\/tags?post=3729"}],"curies":[{"name":"wp","href":"https:\/\/api.w.org\/{rel}","templated":true}]}}