{"id":3741,"date":"2017-03-27T12:59:58","date_gmt":"2017-03-27T10:59:58","guid":{"rendered":"https:\/\/fabijennas-seeleninsel.de\/wordpress\/?p=3741"},"modified":"2017-03-27T12:59:58","modified_gmt":"2017-03-27T10:59:58","slug":"baerlauchsalz","status":"publish","type":"post","link":"https:\/\/fabijennas-seeleninsel.de\/wordpress\/baerlauchsalz\/","title":{"rendered":"B\u00e4rlauchsalz"},"content":{"rendered":"<p>&nbsp;<\/p>\n<p>B\u00e4rlauchsalz<\/p>\n<p>1kg Salz ( ich benutze nur qualitativen Salz aus den Bergen)<br \/>\n150g. B\u00e4rlauch<br \/>\nB\u00e4rlauch waschen und trocken schleudern.<br \/>\nDen B\u00e4rlauch ganz fein p\u00fcrieren ca 300g. Salz zur der B\u00e4rlauchpaste geben und noch mit p\u00fcrieren. Dann der Rest der Salz dazu geben und richtig durchmischen.<br \/>\nBlech mit Backpapier auslegen und die Salz darauf verteilen und trocknen lassen. Wegen dem Geruch bitte nur drau\u00dfen auf dem Sonne der ganzen Tag trocknen lassen.<br \/>\nIn ein Glas oder Beh\u00e4lter abf\u00fcllen.<br \/>\nBald werde ich Wildkr\u00e4utersalz machen ich freue mich schon ?<\/p>\n<p>&nbsp;<\/p>\n<p><a href=\"https:\/\/fabijennas-seeleninsel.de\/wordpress\/wp-content\/uploads\/2017\/03\/17425826_1635390819808361_2232015033337805057_n.jpg\"><img loading=\"lazy\" class=\"alignnone size-medium wp-image-3742\" src=\"https:\/\/fabijennas-seeleninsel.de\/wordpress\/wp-content\/uploads\/2017\/03\/17425826_1635390819808361_2232015033337805057_n-640x480.jpg\" alt=\"17425826_1635390819808361_2232015033337805057_n\" width=\"640\" height=\"480\" data-wp-pid=\"3742\" srcset=\"https:\/\/fabijennas-seeleninsel.de\/wordpress\/wp-content\/uploads\/2017\/03\/17425826_1635390819808361_2232015033337805057_n-640x480.jpg 640w, https:\/\/fabijennas-seeleninsel.de\/wordpress\/wp-content\/uploads\/2017\/03\/17425826_1635390819808361_2232015033337805057_n-800x600.jpg 800w, https:\/\/fabijennas-seeleninsel.de\/wordpress\/wp-content\/uploads\/2017\/03\/17425826_1635390819808361_2232015033337805057_n.jpg 960w\" sizes=\"(max-width: 640px) 100vw, 640px\" \/><\/a> <a href=\"https:\/\/fabijennas-seeleninsel.de\/wordpress\/wp-content\/uploads\/2017\/03\/17523222_1634244286589681_4433853344074721573_n.jpg\"><img loading=\"lazy\" class=\"alignnone size-medium wp-image-3743\" src=\"https:\/\/fabijennas-seeleninsel.de\/wordpress\/wp-content\/uploads\/2017\/03\/17523222_1634244286589681_4433853344074721573_n-640x480.jpg\" alt=\"17523222_1634244286589681_4433853344074721573_n\" width=\"640\" height=\"480\" data-wp-pid=\"3743\" srcset=\"https:\/\/fabijennas-seeleninsel.de\/wordpress\/wp-content\/uploads\/2017\/03\/17523222_1634244286589681_4433853344074721573_n-640x480.jpg 640w, https:\/\/fabijennas-seeleninsel.de\/wordpress\/wp-content\/uploads\/2017\/03\/17523222_1634244286589681_4433853344074721573_n-800x600.jpg 800w, https:\/\/fabijennas-seeleninsel.de\/wordpress\/wp-content\/uploads\/2017\/03\/17523222_1634244286589681_4433853344074721573_n.jpg 960w\" sizes=\"(max-width: 640px) 100vw, 640px\" \/><\/a><\/p>\n","protected":false},"excerpt":{"rendered":"<p>&nbsp; B\u00e4rlauchsalz 1kg Salz ( ich benutze nur qualitativen Salz aus den Bergen) 150g. B\u00e4rlauch B\u00e4rlauch waschen und trocken schleudern. Den B\u00e4rlauch ganz fein p\u00fcrieren ca 300g. Salz zur der B\u00e4rlauchpaste geben und noch mit p\u00fcrieren. Dann der Rest der Salz dazu geben und richtig durchmischen. Blech mit Backpapier auslegen und die Salz darauf verteilen [&hellip;]<\/p>\n","protected":false},"author":3,"featured_media":3742,"comment_status":"closed","ping_status":"open","sticky":false,"template":"","format":"standard","meta":{"_et_pb_use_builder":"","_et_pb_old_content":"","_et_gb_content_width":""},"categories":[1],"tags":[],"_links":{"self":[{"href":"https:\/\/fabijennas-seeleninsel.de\/wordpress\/wp-json\/wp\/v2\/posts\/3741"}],"collection":[{"href":"https:\/\/fabijennas-seeleninsel.de\/wordpress\/wp-json\/wp\/v2\/posts"}],"about":[{"href":"https:\/\/fabijennas-seeleninsel.de\/wordpress\/wp-json\/wp\/v2\/types\/post"}],"author":[{"embeddable":true,"href":"https:\/\/fabijennas-seeleninsel.de\/wordpress\/wp-json\/wp\/v2\/users\/3"}],"replies":[{"embeddable":true,"href":"https:\/\/fabijennas-seeleninsel.de\/wordpress\/wp-json\/wp\/v2\/comments?post=3741"}],"version-history":[{"count":1,"href":"https:\/\/fabijennas-seeleninsel.de\/wordpress\/wp-json\/wp\/v2\/posts\/3741\/revisions"}],"predecessor-version":[{"id":3744,"href":"https:\/\/fabijennas-seeleninsel.de\/wordpress\/wp-json\/wp\/v2\/posts\/3741\/revisions\/3744"}],"wp:featuredmedia":[{"embeddable":true,"href":"https:\/\/fabijennas-seeleninsel.de\/wordpress\/wp-json\/wp\/v2\/media\/3742"}],"wp:attachment":[{"href":"https:\/\/fabijennas-seeleninsel.de\/wordpress\/wp-json\/wp\/v2\/media?parent=3741"}],"wp:term":[{"taxonomy":"category","embeddable":true,"href":"https:\/\/fabijennas-seeleninsel.de\/wordpress\/wp-json\/wp\/v2\/categories?post=3741"},{"taxonomy":"post_tag","embeddable":true,"href":"https:\/\/fabijennas-seeleninsel.de\/wordpress\/wp-json\/wp\/v2\/tags?post=3741"}],"curies":[{"name":"wp","href":"https:\/\/api.w.org\/{rel}","templated":true}]}}