{"id":3745,"date":"2017-03-28T09:46:27","date_gmt":"2017-03-28T07:46:27","guid":{"rendered":"https:\/\/fabijennas-seeleninsel.de\/wordpress\/?p=3745"},"modified":"2017-03-28T09:46:27","modified_gmt":"2017-03-28T07:46:27","slug":"baerlauch-semmelknoedel-mit","status":"publish","type":"post","link":"https:\/\/fabijennas-seeleninsel.de\/wordpress\/baerlauch-semmelknoedel-mit\/","title":{"rendered":"B\u00e4rlauch semmelkn\u00f6del mit&#8230;."},"content":{"rendered":"<p>Ich habe mich wieder kreativ ausgetobt und ein k\u00f6nigliches Abendessen gezaubert<\/p>\n<p>B\u00e4rlauch semmelkn\u00f6del mit Buttergem\u00fcse &#8211; Vegan<br \/>\n350 g Semmelbrot<br \/>\n350ml oder mehr je nach Gebrauch unges\u00fc\u00dfte Mandelmilch ( ich hatte Almond Mandel organic Bio) die ist ein wenig dickfl\u00fcssiger, die Milch erw\u00e4rmen )<br \/>\n1 Gem\u00fcsezwiebel ( in W\u00fcrfel schneiden und in einer Pfanne anbraten die Zwiebelw\u00fcrfel raus tun. Aus der Pfanne nicht alles herauskratzen. Lasse noch ein wenig von den Zwiebelst\u00fcckchen und dem \u00d6l in der Pfanne \u00fcbrig)<br \/>\n2 EL Gem\u00fcsebr\u00fche Pulver<br \/>\n2 H\u00e4ndevoll in streifen geschnittenen B\u00e4rlauch<br \/>\n4 EL Speisest\u00e4rke<br \/>\n1 EL B\u00e4rlauch Paste ( besteht aus B\u00e4rlauch, Salz und Oliven\u00f6l &#8211; selbstgemacht)<br \/>\nSemmelbrot, Gem\u00fcsebr\u00fche Pulver mit warmer Milch \u00fcbergie\u00dfen und durchkneten. Ruhen lassen ca. 10 min. B\u00e4rlauch Paste, geschnittene B\u00e4rlauch Bl\u00e4tter, angebratene Zwiebeln, Kartoffelspeisest\u00e4rke, zum Semmelbrot geben und alles richtig durchmischen und durchkneten. 9 Kn\u00f6del mit feuchten H\u00e4nden formen. In einem gro\u00dfen Topf Salzwasser kochen und die Kn\u00f6del rein tun. Das Wasser auf mittlere Temperatur schalten und die Kn\u00f6del drin vorsichtig kochen bis sie an die Oberfl\u00e4che kommen.<\/p>\n<p>F\u00fcr Buttergem\u00fcse<br \/>\n150 g Alsantbutter<br \/>\n1\/3 TL Kokosbl\u00fctenzucker<br \/>\nSalz<br \/>\nFrisch geriebenen Muskatnuss<br \/>\n1 Brokkoli<br \/>\n3 Paprika ( 2 rot und 1 gr\u00fcn)<br \/>\nKnackerbsen oder Zuckerschotten<\/p>\n<p>In einem Topf Wasser mit Salz aufkochen<br \/>\nBrokkoli, Paprika, Knackerbsen<br \/>\nin hei\u00dfes Wasser garen lassen ca. 2-3 min. In ein Sieb geben und mit kaltem Wasser abschrecken. Abtropfen lassen<br \/>\nIn der Pfanne die Alsanbutter schmelzen lassen (Stufe 5)<br \/>\n1\/3 TL Kokosbl\u00fctenzucker, ein wenig Salz und ein wenig frisch geriebene Muskatnuss ca. 3-4 min. in die Zutaten in der Butter weiter braten lassen.<br \/>\nDas abgetropfte Gem\u00fcse in die Butter geben und noch ein wenig 2-3 min anbraten bis das Gem\u00fcse wieder sch\u00f6n warm ist.<br \/>\nIn den Teller das Gem\u00fcse geben etwas von der leckeren Butter rein tun, die Semmelkn\u00f6del drauf setzen noch , die Kn\u00f6del mit etwas Butter betr\u00e4ufeln und nach Lust und Laune dekorieren.<br \/>\nIch muss sagen wir sind sehr begeistert von diesem leckeren Essen.<br \/>\nMeine Familie war mehr als begeistert.<\/p>\n<p>&nbsp;<\/p>\n<p><a href=\"https:\/\/fabijennas-seeleninsel.de\/wordpress\/wp-content\/uploads\/2017\/03\/17554057_1636414519705991_6657533815089599465_n.jpg\"><img loading=\"lazy\" class=\"alignnone size-medium wp-image-3746\" src=\"https:\/\/fabijennas-seeleninsel.de\/wordpress\/wp-content\/uploads\/2017\/03\/17554057_1636414519705991_6657533815089599465_n-640x427.jpg\" alt=\"17554057_1636414519705991_6657533815089599465_n\" width=\"640\" height=\"427\" data-wp-pid=\"3746\" srcset=\"https:\/\/fabijennas-seeleninsel.de\/wordpress\/wp-content\/uploads\/2017\/03\/17554057_1636414519705991_6657533815089599465_n-640x427.jpg 640w, https:\/\/fabijennas-seeleninsel.de\/wordpress\/wp-content\/uploads\/2017\/03\/17554057_1636414519705991_6657533815089599465_n-140x94.jpg 140w, https:\/\/fabijennas-seeleninsel.de\/wordpress\/wp-content\/uploads\/2017\/03\/17554057_1636414519705991_6657533815089599465_n-800x533.jpg 800w, https:\/\/fabijennas-seeleninsel.de\/wordpress\/wp-content\/uploads\/2017\/03\/17554057_1636414519705991_6657533815089599465_n.jpg 960w\" sizes=\"(max-width: 640px) 100vw, 640px\" \/><\/a><\/p>\n","protected":false},"excerpt":{"rendered":"<p>Ich habe mich wieder kreativ ausgetobt und ein k\u00f6nigliches Abendessen gezaubert B\u00e4rlauch semmelkn\u00f6del mit Buttergem\u00fcse &#8211; Vegan 350 g Semmelbrot 350ml oder mehr je nach Gebrauch unges\u00fc\u00dfte Mandelmilch ( ich hatte Almond Mandel organic Bio) die ist ein wenig dickfl\u00fcssiger, die Milch erw\u00e4rmen ) 1 Gem\u00fcsezwiebel ( in W\u00fcrfel schneiden und in einer Pfanne anbraten [&hellip;]<\/p>\n","protected":false},"author":3,"featured_media":3746,"comment_status":"closed","ping_status":"open","sticky":false,"template":"","format":"standard","meta":{"_et_pb_use_builder":"","_et_pb_old_content":"","_et_gb_content_width":""},"categories":[1],"tags":[],"_links":{"self":[{"href":"https:\/\/fabijennas-seeleninsel.de\/wordpress\/wp-json\/wp\/v2\/posts\/3745"}],"collection":[{"href":"https:\/\/fabijennas-seeleninsel.de\/wordpress\/wp-json\/wp\/v2\/posts"}],"about":[{"href":"https:\/\/fabijennas-seeleninsel.de\/wordpress\/wp-json\/wp\/v2\/types\/post"}],"author":[{"embeddable":true,"href":"https:\/\/fabijennas-seeleninsel.de\/wordpress\/wp-json\/wp\/v2\/users\/3"}],"replies":[{"embeddable":true,"href":"https:\/\/fabijennas-seeleninsel.de\/wordpress\/wp-json\/wp\/v2\/comments?post=3745"}],"version-history":[{"count":1,"href":"https:\/\/fabijennas-seeleninsel.de\/wordpress\/wp-json\/wp\/v2\/posts\/3745\/revisions"}],"predecessor-version":[{"id":3747,"href":"https:\/\/fabijennas-seeleninsel.de\/wordpress\/wp-json\/wp\/v2\/posts\/3745\/revisions\/3747"}],"wp:featuredmedia":[{"embeddable":true,"href":"https:\/\/fabijennas-seeleninsel.de\/wordpress\/wp-json\/wp\/v2\/media\/3746"}],"wp:attachment":[{"href":"https:\/\/fabijennas-seeleninsel.de\/wordpress\/wp-json\/wp\/v2\/media?parent=3745"}],"wp:term":[{"taxonomy":"category","embeddable":true,"href":"https:\/\/fabijennas-seeleninsel.de\/wordpress\/wp-json\/wp\/v2\/categories?post=3745"},{"taxonomy":"post_tag","embeddable":true,"href":"https:\/\/fabijennas-seeleninsel.de\/wordpress\/wp-json\/wp\/v2\/tags?post=3745"}],"curies":[{"name":"wp","href":"https:\/\/api.w.org\/{rel}","templated":true}]}}