{"id":3757,"date":"2017-03-30T08:34:28","date_gmt":"2017-03-30T06:34:28","guid":{"rendered":"https:\/\/fabijennas-seeleninsel.de\/wordpress\/?p=3757"},"modified":"2017-03-30T08:34:28","modified_gmt":"2017-03-30T06:34:28","slug":"bewege-dich-2","status":"publish","type":"post","link":"https:\/\/fabijennas-seeleninsel.de\/wordpress\/bewege-dich-2\/","title":{"rendered":"Bewege Dich&#8230;."},"content":{"rendered":"<p>Guten morgen ihr Lieben. Ich w\u00fcnsche euch einen g\u00f6ttlich strahlenden Tag. Bewege dich wie der leise Wind und lausche in die Natur. Streife die B\u00e4ume, die Gr\u00e4ser, das Wasser, ber\u00fchre die Tiere und f\u00fchle das EinsSein. Alles hat einen Geist und alles ist beseelt. Da wir EinsSein mit allem sind was es gibt,kannst du vieles in deiner Stille erfahren und sehr viel f\u00fchlen, sogar h\u00f6ren. Schwebe wie der leise Wind vom Ort zu Ort und sehe die Sch\u00f6nheit des Himmels und der Erde. Bewege wie der Wind die Wolken und streichle sanft die Sonnenstrahlen. Beobachte den Sonnenaufgang und den Sonnenuntergang und sch\u00f6pfe aus diesem heilenden Licht. Atme es ein und lasse dich mit dieser Magie verf\u00fchren. Tanze und wirble wie der Wind und streichle \u00fcber das Wasser. F\u00fchle die K\u00fchle und die Lebenskraft des Wasser. Ich umarme euch und w\u00fcnsche jedem einzelnen einen Tag voller Freude, Magie und g\u00f6ttlichen Wunder. Hana Fabijenna ?\u2764\u2764\ufe0f<\/p>\n<p>&nbsp;<\/p>\n<p><a href=\"https:\/\/fabijennas-seeleninsel.de\/wordpress\/wp-content\/uploads\/2017\/03\/17634337_1638423309505112_3744719391622592124_n.jpg\"><img loading=\"lazy\" class=\"alignnone size-medium wp-image-3758\" src=\"https:\/\/fabijennas-seeleninsel.de\/wordpress\/wp-content\/uploads\/2017\/03\/17634337_1638423309505112_3744719391622592124_n-360x480.jpg\" alt=\"17634337_1638423309505112_3744719391622592124_n\" width=\"360\" height=\"480\" data-wp-pid=\"3758\" srcset=\"https:\/\/fabijennas-seeleninsel.de\/wordpress\/wp-content\/uploads\/2017\/03\/17634337_1638423309505112_3744719391622592124_n-360x480.jpg 360w, https:\/\/fabijennas-seeleninsel.de\/wordpress\/wp-content\/uploads\/2017\/03\/17634337_1638423309505112_3744719391622592124_n-600x800.jpg 600w, https:\/\/fabijennas-seeleninsel.de\/wordpress\/wp-content\/uploads\/2017\/03\/17634337_1638423309505112_3744719391622592124_n.jpg 720w\" sizes=\"(max-width: 360px) 100vw, 360px\" \/><\/a><\/p>\n","protected":false},"excerpt":{"rendered":"<p>Guten morgen ihr Lieben. Ich w\u00fcnsche euch einen g\u00f6ttlich strahlenden Tag. Bewege dich wie der leise Wind und lausche in die Natur. Streife die B\u00e4ume, die Gr\u00e4ser, das Wasser, ber\u00fchre die Tiere und f\u00fchle das EinsSein. Alles hat einen Geist und alles ist beseelt. Da wir EinsSein mit allem sind was es gibt,kannst du vieles [&hellip;]<\/p>\n","protected":false},"author":3,"featured_media":3758,"comment_status":"closed","ping_status":"open","sticky":false,"template":"","format":"standard","meta":{"_et_pb_use_builder":"","_et_pb_old_content":"","_et_gb_content_width":""},"categories":[1],"tags":[],"_links":{"self":[{"href":"https:\/\/fabijennas-seeleninsel.de\/wordpress\/wp-json\/wp\/v2\/posts\/3757"}],"collection":[{"href":"https:\/\/fabijennas-seeleninsel.de\/wordpress\/wp-json\/wp\/v2\/posts"}],"about":[{"href":"https:\/\/fabijennas-seeleninsel.de\/wordpress\/wp-json\/wp\/v2\/types\/post"}],"author":[{"embeddable":true,"href":"https:\/\/fabijennas-seeleninsel.de\/wordpress\/wp-json\/wp\/v2\/users\/3"}],"replies":[{"embeddable":true,"href":"https:\/\/fabijennas-seeleninsel.de\/wordpress\/wp-json\/wp\/v2\/comments?post=3757"}],"version-history":[{"count":1,"href":"https:\/\/fabijennas-seeleninsel.de\/wordpress\/wp-json\/wp\/v2\/posts\/3757\/revisions"}],"predecessor-version":[{"id":3759,"href":"https:\/\/fabijennas-seeleninsel.de\/wordpress\/wp-json\/wp\/v2\/posts\/3757\/revisions\/3759"}],"wp:featuredmedia":[{"embeddable":true,"href":"https:\/\/fabijennas-seeleninsel.de\/wordpress\/wp-json\/wp\/v2\/media\/3758"}],"wp:attachment":[{"href":"https:\/\/fabijennas-seeleninsel.de\/wordpress\/wp-json\/wp\/v2\/media?parent=3757"}],"wp:term":[{"taxonomy":"category","embeddable":true,"href":"https:\/\/fabijennas-seeleninsel.de\/wordpress\/wp-json\/wp\/v2\/categories?post=3757"},{"taxonomy":"post_tag","embeddable":true,"href":"https:\/\/fabijennas-seeleninsel.de\/wordpress\/wp-json\/wp\/v2\/tags?post=3757"}],"curies":[{"name":"wp","href":"https:\/\/api.w.org\/{rel}","templated":true}]}}