{"id":3770,"date":"2017-04-03T15:49:34","date_gmt":"2017-04-03T13:49:34","guid":{"rendered":"https:\/\/fabijennas-seeleninsel.de\/wordpress\/?p=3770"},"modified":"2017-04-03T15:49:34","modified_gmt":"2017-04-03T13:49:34","slug":"was-hast-du","status":"publish","type":"post","link":"https:\/\/fabijennas-seeleninsel.de\/wordpress\/was-hast-du\/","title":{"rendered":"Was hast du&#8230;"},"content":{"rendered":"<p>Was hast du wieder gemacht?<br \/>\nIch sch\u00e4me mich f\u00fcr dich!<br \/>\nDu taugst zum gar nichts!<br \/>\nJeder redet \u00fcber dich!<br \/>\nKannst du einmal normal zu sein!<br \/>\nWann wirst du endlich erwachsen!<br \/>\nBenimm dich!<br \/>\nDiese S\u00e4tze haben wir in unserer Kindheit gen\u00fcgend geh\u00f6rt.<br \/>\nSt\u00e4ndig wurde an uns rumgen\u00f6rgelt das wir alles falsch machen oder das wir nicht gut genug sind!<br \/>\nDiese S\u00e4tze begleiten unser Leben. Im Unterbewusstsein ist alles gespeichert und in vielen Situationen die uns an unsere Kindheit erinnern kommt der Druck und die \u00c4ngste hoch.<br \/>\nDas verletzte innere Kind meldet sich und versucht uns von unserem Tun abzuhalten da es Angst hat wieder geschimpft zu werden.<br \/>\nDu kannst aber dein inneres Kind heilen in dem du es liebevoll in deine Arme nimmst und ihm zeigst das du ab heute f\u00fcr es da bist.<br \/>\nAb heute darf das innere Kind das tun was es meint das es f\u00fcr sich selber richtig und gut ist.<br \/>\nGebe ihm die Liebe die es nie bekommen hat.<br \/>\nStelle dir vor das du dein kleines Inneres Kind in den Armen h\u00e4ltst und erz\u00e4hle ihm liebevoll das du ab jetzt f\u00fcr es da bist und das du es liebst.<br \/>\nEgal was ist du bist f\u00fcr es da.<br \/>\nWenn du immer wieder deine innere Traurigkeit, Unsicherheit oder Angst sp\u00fcrst, stelle dir immer wieder vor das du dein inneres Kind in deinen Armen hast und mit ihm liebevoll sprichst.<br \/>\nLasse dich leiten von deiner inneren Intuition, dein Kind wird dir schon sagen was es braucht.<br \/>\nNamaste \u2764\ufe0f\u2764?<br \/>\nText\/Bild Hana Fabijenna Rosenauer<\/p>\n<p>&nbsp;<\/p>\n<p><a href=\"https:\/\/fabijennas-seeleninsel.de\/wordpress\/wp-content\/uploads\/2017\/04\/17499027_1643353565678753_1351495645347760855_n.jpg\"><img loading=\"lazy\" class=\"alignnone size-medium wp-image-3771\" src=\"https:\/\/fabijennas-seeleninsel.de\/wordpress\/wp-content\/uploads\/2017\/04\/17499027_1643353565678753_1351495645347760855_n-635x480.jpg\" alt=\"17499027_1643353565678753_1351495645347760855_n\" width=\"635\" height=\"480\" data-wp-pid=\"3771\" srcset=\"https:\/\/fabijennas-seeleninsel.de\/wordpress\/wp-content\/uploads\/2017\/04\/17499027_1643353565678753_1351495645347760855_n-635x480.jpg 635w, https:\/\/fabijennas-seeleninsel.de\/wordpress\/wp-content\/uploads\/2017\/04\/17499027_1643353565678753_1351495645347760855_n.jpg 750w\" sizes=\"(max-width: 635px) 100vw, 635px\" \/><\/a><\/p>\n","protected":false},"excerpt":{"rendered":"<p>Was hast du wieder gemacht? Ich sch\u00e4me mich f\u00fcr dich! Du taugst zum gar nichts! Jeder redet \u00fcber dich! Kannst du einmal normal zu sein! Wann wirst du endlich erwachsen! Benimm dich! Diese S\u00e4tze haben wir in unserer Kindheit gen\u00fcgend geh\u00f6rt. St\u00e4ndig wurde an uns rumgen\u00f6rgelt das wir alles falsch machen oder das wir nicht [&hellip;]<\/p>\n","protected":false},"author":3,"featured_media":3771,"comment_status":"closed","ping_status":"open","sticky":false,"template":"","format":"standard","meta":{"_et_pb_use_builder":"","_et_pb_old_content":"","_et_gb_content_width":""},"categories":[1],"tags":[],"_links":{"self":[{"href":"https:\/\/fabijennas-seeleninsel.de\/wordpress\/wp-json\/wp\/v2\/posts\/3770"}],"collection":[{"href":"https:\/\/fabijennas-seeleninsel.de\/wordpress\/wp-json\/wp\/v2\/posts"}],"about":[{"href":"https:\/\/fabijennas-seeleninsel.de\/wordpress\/wp-json\/wp\/v2\/types\/post"}],"author":[{"embeddable":true,"href":"https:\/\/fabijennas-seeleninsel.de\/wordpress\/wp-json\/wp\/v2\/users\/3"}],"replies":[{"embeddable":true,"href":"https:\/\/fabijennas-seeleninsel.de\/wordpress\/wp-json\/wp\/v2\/comments?post=3770"}],"version-history":[{"count":1,"href":"https:\/\/fabijennas-seeleninsel.de\/wordpress\/wp-json\/wp\/v2\/posts\/3770\/revisions"}],"predecessor-version":[{"id":3772,"href":"https:\/\/fabijennas-seeleninsel.de\/wordpress\/wp-json\/wp\/v2\/posts\/3770\/revisions\/3772"}],"wp:featuredmedia":[{"embeddable":true,"href":"https:\/\/fabijennas-seeleninsel.de\/wordpress\/wp-json\/wp\/v2\/media\/3771"}],"wp:attachment":[{"href":"https:\/\/fabijennas-seeleninsel.de\/wordpress\/wp-json\/wp\/v2\/media?parent=3770"}],"wp:term":[{"taxonomy":"category","embeddable":true,"href":"https:\/\/fabijennas-seeleninsel.de\/wordpress\/wp-json\/wp\/v2\/categories?post=3770"},{"taxonomy":"post_tag","embeddable":true,"href":"https:\/\/fabijennas-seeleninsel.de\/wordpress\/wp-json\/wp\/v2\/tags?post=3770"}],"curies":[{"name":"wp","href":"https:\/\/api.w.org\/{rel}","templated":true}]}}