{"id":3785,"date":"2017-04-09T09:12:58","date_gmt":"2017-04-09T07:12:58","guid":{"rendered":"https:\/\/fabijennas-seeleninsel.de\/wordpress\/?p=3785"},"modified":"2017-04-09T09:12:58","modified_gmt":"2017-04-09T07:12:58","slug":"rissoto-mit-waldpilze","status":"publish","type":"post","link":"https:\/\/fabijennas-seeleninsel.de\/wordpress\/rissoto-mit-waldpilze\/","title":{"rendered":"Rissoto mit Waldpilze"},"content":{"rendered":"<p>Aus meiner Kreative K\u00fcche.<\/p>\n<p>Risotto mit Prosecco und Waldpilze<\/p>\n<p>1 Zwiebeln ( W\u00fcrfel schneiden) <span class=\"text_exposed_show\"><br \/>\n2 Knoblauchzehen 3 EL Oliven\u00f6l<br \/>\n400g Risottoreis<br \/>\n400g gefrorene gemischte Waldpilze oder frische Waldpilze<br \/>\n150ml guten Prosecco<br \/>\n1,5 L Gem\u00fcsebr\u00fche<br \/>\n1 Bund B\u00e4rlauch (feine Streifen schneiden) <\/span><\/p>\n<div class=\"text_exposed_show\">\n<p>In Oliven\u00f6l Zwiebel und Knoblauch glasig anbraten<br \/>\nDann die Pilze und Reis dazu geben und ca. 4 min. weiter braten. Dann das Prosecco und ein Sch\u00f6pfl\u00f6ffel von der Br\u00fche dazu geben und immer wieder r\u00fchren. Dieses Schritt so lange wiederholen bis das Risotto fertig ist. Der Kern sollte noch knackig sein. Zum Schluss den B\u00e4rlauch unterr\u00fchren.<br \/>\nMit Salz und Pfeffer noch abschmecken.<\/p>\n<p>Guten Appetit <span class=\"_5mfr _47e3\"><img loading=\"lazy\" class=\"img\" src=\"https:\/\/static.xx.fbcdn.net\/images\/emoji.php\/v8\/f7f\/1\/16\/1f60a.png\" alt=\"\" width=\"16\" height=\"16\" \/><\/span><\/p>\n<\/div>\n<p><a href=\"https:\/\/fabijennas-seeleninsel.de\/wordpress\/wp-content\/uploads\/2017\/04\/17630065_1644998838847559_7746184241587100989_n.jpg\"><img loading=\"lazy\" class=\"alignnone size-medium wp-image-3786\" src=\"https:\/\/fabijennas-seeleninsel.de\/wordpress\/wp-content\/uploads\/2017\/04\/17630065_1644998838847559_7746184241587100989_n-480x480.jpg\" alt=\"17630065_1644998838847559_7746184241587100989_n\" width=\"480\" height=\"480\" data-wp-pid=\"3786\" srcset=\"https:\/\/fabijennas-seeleninsel.de\/wordpress\/wp-content\/uploads\/2017\/04\/17630065_1644998838847559_7746184241587100989_n-480x480.jpg 480w, https:\/\/fabijennas-seeleninsel.de\/wordpress\/wp-content\/uploads\/2017\/04\/17630065_1644998838847559_7746184241587100989_n-300x300.jpg 300w, https:\/\/fabijennas-seeleninsel.de\/wordpress\/wp-content\/uploads\/2017\/04\/17630065_1644998838847559_7746184241587100989_n-240x240.jpg 240w, https:\/\/fabijennas-seeleninsel.de\/wordpress\/wp-content\/uploads\/2017\/04\/17630065_1644998838847559_7746184241587100989_n-96x96.jpg 96w, https:\/\/fabijennas-seeleninsel.de\/wordpress\/wp-content\/uploads\/2017\/04\/17630065_1644998838847559_7746184241587100989_n-121x121.jpg 121w, https:\/\/fabijennas-seeleninsel.de\/wordpress\/wp-content\/uploads\/2017\/04\/17630065_1644998838847559_7746184241587100989_n-60x60.jpg 60w, https:\/\/fabijennas-seeleninsel.de\/wordpress\/wp-content\/uploads\/2017\/04\/17630065_1644998838847559_7746184241587100989_n-184x184.jpg 184w, https:\/\/fabijennas-seeleninsel.de\/wordpress\/wp-content\/uploads\/2017\/04\/17630065_1644998838847559_7746184241587100989_n-800x800.jpg 800w, https:\/\/fabijennas-seeleninsel.de\/wordpress\/wp-content\/uploads\/2017\/04\/17630065_1644998838847559_7746184241587100989_n.jpg 960w\" sizes=\"(max-width: 480px) 100vw, 480px\" \/><\/a><\/p>\n","protected":false},"excerpt":{"rendered":"<p>Aus meiner Kreative K\u00fcche. Risotto mit Prosecco und Waldpilze 1 Zwiebeln ( W\u00fcrfel schneiden) 2 Knoblauchzehen 3 EL Oliven\u00f6l 400g Risottoreis 400g gefrorene gemischte Waldpilze oder frische Waldpilze 150ml guten Prosecco 1,5 L Gem\u00fcsebr\u00fche 1 Bund B\u00e4rlauch (feine Streifen schneiden) In Oliven\u00f6l Zwiebel und Knoblauch glasig anbraten Dann die Pilze und Reis dazu geben und [&hellip;]<\/p>\n","protected":false},"author":3,"featured_media":3786,"comment_status":"closed","ping_status":"open","sticky":false,"template":"","format":"standard","meta":{"_et_pb_use_builder":"","_et_pb_old_content":"","_et_gb_content_width":""},"categories":[1],"tags":[],"_links":{"self":[{"href":"https:\/\/fabijennas-seeleninsel.de\/wordpress\/wp-json\/wp\/v2\/posts\/3785"}],"collection":[{"href":"https:\/\/fabijennas-seeleninsel.de\/wordpress\/wp-json\/wp\/v2\/posts"}],"about":[{"href":"https:\/\/fabijennas-seeleninsel.de\/wordpress\/wp-json\/wp\/v2\/types\/post"}],"author":[{"embeddable":true,"href":"https:\/\/fabijennas-seeleninsel.de\/wordpress\/wp-json\/wp\/v2\/users\/3"}],"replies":[{"embeddable":true,"href":"https:\/\/fabijennas-seeleninsel.de\/wordpress\/wp-json\/wp\/v2\/comments?post=3785"}],"version-history":[{"count":1,"href":"https:\/\/fabijennas-seeleninsel.de\/wordpress\/wp-json\/wp\/v2\/posts\/3785\/revisions"}],"predecessor-version":[{"id":3787,"href":"https:\/\/fabijennas-seeleninsel.de\/wordpress\/wp-json\/wp\/v2\/posts\/3785\/revisions\/3787"}],"wp:featuredmedia":[{"embeddable":true,"href":"https:\/\/fabijennas-seeleninsel.de\/wordpress\/wp-json\/wp\/v2\/media\/3786"}],"wp:attachment":[{"href":"https:\/\/fabijennas-seeleninsel.de\/wordpress\/wp-json\/wp\/v2\/media?parent=3785"}],"wp:term":[{"taxonomy":"category","embeddable":true,"href":"https:\/\/fabijennas-seeleninsel.de\/wordpress\/wp-json\/wp\/v2\/categories?post=3785"},{"taxonomy":"post_tag","embeddable":true,"href":"https:\/\/fabijennas-seeleninsel.de\/wordpress\/wp-json\/wp\/v2\/tags?post=3785"}],"curies":[{"name":"wp","href":"https:\/\/api.w.org\/{rel}","templated":true}]}}