{"id":3800,"date":"2017-04-18T19:36:54","date_gmt":"2017-04-18T17:36:54","guid":{"rendered":"https:\/\/fabijennas-seeleninsel.de\/wordpress\/?p=3800"},"modified":"2017-04-18T19:37:20","modified_gmt":"2017-04-18T17:37:20","slug":"3800-2","status":"publish","type":"post","link":"https:\/\/fabijennas-seeleninsel.de\/wordpress\/3800-2\/","title":{"rendered":"Engel der Reinheit"},"content":{"rendered":"<p>Engel der Reinheit.<\/p>\n<p>Nun bin ich zu dir geeilt um dich mit meinem Licht zu ber\u00fchren.<br \/>\nIch bin zu dir geeilt um dich zu erinnern das du ,das g\u00f6ttliche Kind ,aus dem Licht und der bedingungslosen Liebe gemacht worden bist.<br \/>\nDu bist das Kind der Reinheit. <span class=\"text_exposed_show\"><br \/>\nDu bist das Kind des Lichts.<br \/>\nDu bist das Kind der Liebe .<br \/>\nDu bist ein Wesen das in sich viele Talente tr\u00e4gt.Deine Seele wei\u00df was es hei\u00dft grenzenlos zu wirken und zu sein.<br \/>\nIch bin hier dich in meinem Licht der Reinheit einzuh\u00fcllen und dich sp\u00fcren zu lassen wer du bist.<\/span><\/p>\n<p>Bildgr\u00f6sse: 40x40cm<\/p>\n<p>Energieausgleich: 80 Euro<\/p>\n<p>&nbsp;<\/p>\n<p><a href=\"https:\/\/fabijennas-seeleninsel.de\/wordpress\/wp-content\/uploads\/2017\/04\/18010783_1347642888648008_3972535557622834119_n.jpg\"><img loading=\"lazy\" class=\"alignnone size-medium wp-image-3801\" src=\"https:\/\/fabijennas-seeleninsel.de\/wordpress\/wp-content\/uploads\/2017\/04\/18010783_1347642888648008_3972535557622834119_n-472x480.jpg\" alt=\"18010783_1347642888648008_3972535557622834119_n\" width=\"472\" height=\"480\" data-wp-pid=\"3801\" srcset=\"https:\/\/fabijennas-seeleninsel.de\/wordpress\/wp-content\/uploads\/2017\/04\/18010783_1347642888648008_3972535557622834119_n-472x480.jpg 472w, https:\/\/fabijennas-seeleninsel.de\/wordpress\/wp-content\/uploads\/2017\/04\/18010783_1347642888648008_3972535557622834119_n-60x60.jpg 60w, https:\/\/fabijennas-seeleninsel.de\/wordpress\/wp-content\/uploads\/2017\/04\/18010783_1347642888648008_3972535557622834119_n-787x800.jpg 787w, https:\/\/fabijennas-seeleninsel.de\/wordpress\/wp-content\/uploads\/2017\/04\/18010783_1347642888648008_3972535557622834119_n-800x814.jpg 800w, https:\/\/fabijennas-seeleninsel.de\/wordpress\/wp-content\/uploads\/2017\/04\/18010783_1347642888648008_3972535557622834119_n.jpg 944w\" sizes=\"(max-width: 472px) 100vw, 472px\" \/><\/a><\/p>\n","protected":false},"excerpt":{"rendered":"<p>Engel der Reinheit. Nun bin ich zu dir geeilt um dich mit meinem Licht zu ber\u00fchren. Ich bin zu dir geeilt um dich zu erinnern das du ,das g\u00f6ttliche Kind ,aus dem Licht und der bedingungslosen Liebe gemacht worden bist. Du bist das Kind der Reinheit. Du bist das Kind des Lichts. Du bist das [&hellip;]<\/p>\n","protected":false},"author":3,"featured_media":3801,"comment_status":"closed","ping_status":"open","sticky":false,"template":"","format":"standard","meta":{"_et_pb_use_builder":"","_et_pb_old_content":"","_et_gb_content_width":""},"categories":[8],"tags":[],"_links":{"self":[{"href":"https:\/\/fabijennas-seeleninsel.de\/wordpress\/wp-json\/wp\/v2\/posts\/3800"}],"collection":[{"href":"https:\/\/fabijennas-seeleninsel.de\/wordpress\/wp-json\/wp\/v2\/posts"}],"about":[{"href":"https:\/\/fabijennas-seeleninsel.de\/wordpress\/wp-json\/wp\/v2\/types\/post"}],"author":[{"embeddable":true,"href":"https:\/\/fabijennas-seeleninsel.de\/wordpress\/wp-json\/wp\/v2\/users\/3"}],"replies":[{"embeddable":true,"href":"https:\/\/fabijennas-seeleninsel.de\/wordpress\/wp-json\/wp\/v2\/comments?post=3800"}],"version-history":[{"count":2,"href":"https:\/\/fabijennas-seeleninsel.de\/wordpress\/wp-json\/wp\/v2\/posts\/3800\/revisions"}],"predecessor-version":[{"id":3803,"href":"https:\/\/fabijennas-seeleninsel.de\/wordpress\/wp-json\/wp\/v2\/posts\/3800\/revisions\/3803"}],"wp:featuredmedia":[{"embeddable":true,"href":"https:\/\/fabijennas-seeleninsel.de\/wordpress\/wp-json\/wp\/v2\/media\/3801"}],"wp:attachment":[{"href":"https:\/\/fabijennas-seeleninsel.de\/wordpress\/wp-json\/wp\/v2\/media?parent=3800"}],"wp:term":[{"taxonomy":"category","embeddable":true,"href":"https:\/\/fabijennas-seeleninsel.de\/wordpress\/wp-json\/wp\/v2\/categories?post=3800"},{"taxonomy":"post_tag","embeddable":true,"href":"https:\/\/fabijennas-seeleninsel.de\/wordpress\/wp-json\/wp\/v2\/tags?post=3800"}],"curies":[{"name":"wp","href":"https:\/\/api.w.org\/{rel}","templated":true}]}}