{"id":3806,"date":"2017-04-20T13:10:26","date_gmt":"2017-04-20T11:10:26","guid":{"rendered":"https:\/\/fabijennas-seeleninsel.de\/wordpress\/?p=3806"},"modified":"2017-04-20T13:10:26","modified_gmt":"2017-04-20T11:10:26","slug":"der-naechste-workshop-mediales","status":"publish","type":"post","link":"https:\/\/fabijennas-seeleninsel.de\/wordpress\/der-naechste-workshop-mediales\/","title":{"rendered":"Der n\u00e4chste Workshop mediales&#8230;"},"content":{"rendered":"<p>Ihr lieben es ist so weit,Der n\u00e4chste Workshop mediales Kinder malen findet am 13.5 2017 um 14.00-17.30 Uhr bei mir im Atelier statt.<br \/>\nIch lade Kinder zwischen 5-12 Jahren ein, auf eine Reise voller Fantasie in eine bunte Welt ein.<br \/>\nWir werden zun\u00e4chst einen Kreis bilden und uns mit der Muttererde und dem Universum spielerisch verbinden. Jedes Kind wird einen Stein aus meinem Naturgeister Orakel ziehen und zusammen werden wir auch die Botschaft deuten. Nach einer Meditation in die Wasserwelt voller Fantasie, wo wir Meerjungfrauen begegnen werden, malen wir eine wundersch\u00f6ne Meerjungfrau. Die Kinder k\u00f6nnen nat\u00fcrlich auch verschiedene Materialien verwenden. Die Fantasie hat bei unserem Malkurs keine Grenze.<br \/>\nEs gib<span class=\"text_exposed_show\">t noch weitere \u00dcberraschungen die wir basteln werden, meine Sch\u00fctzlinge k\u00f6nnen sich freuen.<br \/>\nDanach werden wir f\u00fcr die Mamis<br \/>\nzum Mutter Tag ein Geschenk basteln.<br \/>\nSnacks, Obst und Getr\u00e4nke stehen bereit. Die Kinder m\u00fcssen nur Klamotten, die mit Farben beschmiert werden d\u00fcrfen und einen Zirkel mitnehmen. Der Kinder Workshop dauert von 14.00-17.30 Uhr. Energieausgleich f\u00fcr diesen Workshop betr\u00e4gt 40.- Euro. Leinwand, Farben Pinsel und alle Utensilien sind im Preis inbegriffen.<br \/>\nKursteilnehmer 10 Kinder<br \/>\nUm planen zu k\u00f6nnen werden nur feste Zusagen angenommen. Ich bitte um Verst\u00e4ndnis<br \/>\nNamaste Hana Fabijenna<\/span><\/p>\n<p>&nbsp;<\/p>\n<p><a href=\"https:\/\/fabijennas-seeleninsel.de\/wordpress\/wp-content\/uploads\/2017\/04\/16938699_1610952115585565_4908510825611011820_n-2.jpg\"><img loading=\"lazy\" class=\"alignnone size-medium wp-image-3807\" src=\"https:\/\/fabijennas-seeleninsel.de\/wordpress\/wp-content\/uploads\/2017\/04\/16938699_1610952115585565_4908510825611011820_n-2-640x480.jpg\" alt=\"16938699_1610952115585565_4908510825611011820_n-2\" width=\"640\" height=\"480\" data-wp-pid=\"3807\" srcset=\"https:\/\/fabijennas-seeleninsel.de\/wordpress\/wp-content\/uploads\/2017\/04\/16938699_1610952115585565_4908510825611011820_n-2-640x480.jpg 640w, https:\/\/fabijennas-seeleninsel.de\/wordpress\/wp-content\/uploads\/2017\/04\/16938699_1610952115585565_4908510825611011820_n-2-800x600.jpg 800w, https:\/\/fabijennas-seeleninsel.de\/wordpress\/wp-content\/uploads\/2017\/04\/16938699_1610952115585565_4908510825611011820_n-2.jpg 960w\" sizes=\"(max-width: 640px) 100vw, 640px\" \/><\/a><\/p>\n","protected":false},"excerpt":{"rendered":"<p>Ihr lieben es ist so weit,Der n\u00e4chste Workshop mediales Kinder malen findet am 13.5 2017 um 14.00-17.30 Uhr bei mir im Atelier statt. Ich lade Kinder zwischen 5-12 Jahren ein, auf eine Reise voller Fantasie in eine bunte Welt ein. Wir werden zun\u00e4chst einen Kreis bilden und uns mit der Muttererde und dem Universum spielerisch [&hellip;]<\/p>\n","protected":false},"author":3,"featured_media":3807,"comment_status":"closed","ping_status":"open","sticky":false,"template":"","format":"standard","meta":{"_et_pb_use_builder":"","_et_pb_old_content":"","_et_gb_content_width":""},"categories":[1],"tags":[],"_links":{"self":[{"href":"https:\/\/fabijennas-seeleninsel.de\/wordpress\/wp-json\/wp\/v2\/posts\/3806"}],"collection":[{"href":"https:\/\/fabijennas-seeleninsel.de\/wordpress\/wp-json\/wp\/v2\/posts"}],"about":[{"href":"https:\/\/fabijennas-seeleninsel.de\/wordpress\/wp-json\/wp\/v2\/types\/post"}],"author":[{"embeddable":true,"href":"https:\/\/fabijennas-seeleninsel.de\/wordpress\/wp-json\/wp\/v2\/users\/3"}],"replies":[{"embeddable":true,"href":"https:\/\/fabijennas-seeleninsel.de\/wordpress\/wp-json\/wp\/v2\/comments?post=3806"}],"version-history":[{"count":1,"href":"https:\/\/fabijennas-seeleninsel.de\/wordpress\/wp-json\/wp\/v2\/posts\/3806\/revisions"}],"predecessor-version":[{"id":3808,"href":"https:\/\/fabijennas-seeleninsel.de\/wordpress\/wp-json\/wp\/v2\/posts\/3806\/revisions\/3808"}],"wp:featuredmedia":[{"embeddable":true,"href":"https:\/\/fabijennas-seeleninsel.de\/wordpress\/wp-json\/wp\/v2\/media\/3807"}],"wp:attachment":[{"href":"https:\/\/fabijennas-seeleninsel.de\/wordpress\/wp-json\/wp\/v2\/media?parent=3806"}],"wp:term":[{"taxonomy":"category","embeddable":true,"href":"https:\/\/fabijennas-seeleninsel.de\/wordpress\/wp-json\/wp\/v2\/categories?post=3806"},{"taxonomy":"post_tag","embeddable":true,"href":"https:\/\/fabijennas-seeleninsel.de\/wordpress\/wp-json\/wp\/v2\/tags?post=3806"}],"curies":[{"name":"wp","href":"https:\/\/api.w.org\/{rel}","templated":true}]}}