{"id":3893,"date":"2017-05-15T11:15:22","date_gmt":"2017-05-15T09:15:22","guid":{"rendered":"https:\/\/fabijennas-seeleninsel.de\/wordpress\/?p=3893"},"modified":"2017-05-15T11:15:22","modified_gmt":"2017-05-15T09:15:22","slug":"beruehrenden-momenten","status":"publish","type":"post","link":"https:\/\/fabijennas-seeleninsel.de\/wordpress\/beruehrenden-momenten\/","title":{"rendered":"&#8230;.ber\u00fchrenden Momenten"},"content":{"rendered":"<p>Einen wundersch\u00f6nen guten Morgen ihr lieben. Ich w\u00fcnsche euch einen sch\u00f6nen Montag <span class=\"_5mfr _47e3\"><img loading=\"lazy\" class=\"img\" src=\"https:\/\/static.xx.fbcdn.net\/images\/emoji.php\/v8\/fe9\/1\/16\/1f496.png\" alt=\"\" width=\"16\" height=\"16\" \/><span class=\"_7oe\">?<\/span><\/span><span class=\"_5mfr _47e3\"><img loading=\"lazy\" class=\"img\" src=\"https:\/\/static.xx.fbcdn.net\/images\/emoji.php\/v8\/f96\/1\/16\/1f49c.png\" alt=\"\" width=\"16\" height=\"16\" \/><span class=\"_7oe\">?<\/span><\/span><span class=\"_5mfr _47e3\"><img loading=\"lazy\" class=\"img\" src=\"https:\/\/static.xx.fbcdn.net\/images\/emoji.php\/v8\/f6c\/1\/16\/2764.png\" alt=\"\" width=\"16\" height=\"16\" \/><span class=\"_7oe\">\u2764\ufe0f<\/span><\/span><span class=\"_5mfr _47e3\"><img loading=\"lazy\" class=\"img\" src=\"https:\/\/static.xx.fbcdn.net\/images\/emoji.php\/v8\/f6c\/1\/16\/2764.png\" alt=\"\" width=\"16\" height=\"16\" \/><span class=\"_7oe\">\u2764\ufe0f<\/span><\/span><span class=\"_5mfr _47e3\"><img loading=\"lazy\" class=\"img\" src=\"https:\/\/static.xx.fbcdn.net\/images\/emoji.php\/v8\/f96\/1\/16\/1f49c.png\" alt=\"\" width=\"16\" height=\"16\" \/><span class=\"_7oe\">?<\/span><\/span><span class=\"_5mfr _47e3\"><img loading=\"lazy\" class=\"img\" src=\"https:\/\/static.xx.fbcdn.net\/images\/emoji.php\/v8\/fe9\/1\/16\/1f496.png\" alt=\"\" width=\"16\" height=\"16\" \/><span class=\"_7oe\">?<\/span><\/span><span class=\"_5mfr _47e3\"><img loading=\"lazy\" class=\"img\" src=\"https:\/\/static.xx.fbcdn.net\/images\/emoji.php\/v8\/f96\/1\/16\/1f49c.png\" alt=\"\" width=\"16\" height=\"16\" \/><span class=\"_7oe\">?<\/span><\/span><span class=\"_5mfr _47e3\"><img loading=\"lazy\" class=\"img\" src=\"https:\/\/static.xx.fbcdn.net\/images\/emoji.php\/v8\/fe9\/1\/16\/1f496.png\" alt=\"\" width=\"16\" height=\"16\" \/><span class=\"_7oe\">?<\/span><\/span><\/p>\n<p>Ich m\u00f6chte euch etwas Sch\u00f6nes zeigen das mich immer noch sehr ber\u00fchrt.<br \/>\nIn meinem Kindermalkurs haben die Kinder f\u00fcr sich eine Kette angefertigt.<br \/>\nBevor die Kinder abgeholt wurden kam zu mir eine M\u00e4dchen Namens Laura (es ist das M\u00e4dchen aus dem Video, dem ich geholfen habe ihre Meerjungfrau zu verbessern) und gab<span class=\"text_exposed_show\"><br \/>\nmir ein P\u00e4ckchen.<br \/>\nAls ich Abend das P\u00e4ckchen ausgepackt habe, musste ich vor Freude weinen.<br \/>\nIhr Geschenk und die Worte die sie mir geschrieben hat, haben mich sehr ber\u00fchrt.<br \/>\nIch bin unendlich dankbar f\u00fcr mein Leben, denn ich habe meinen Seelenweg gefunden und ich darf ihn ausleben. Diese Momente sind f\u00fcr mich sehr ber\u00fchrend. Meine Arbeit tue ich mit meinem ganzen weit ge\u00f6ffnetem Herzen <span class=\"_5mfr _47e3\"><img loading=\"lazy\" class=\"img\" src=\"https:\/\/static.xx.fbcdn.net\/images\/emoji.php\/v8\/fe9\/1\/16\/1f496.png\" alt=\"\" width=\"16\" height=\"16\" \/><span class=\"_7oe\">?<\/span><\/span>und daf\u00fcr werde ich immer wieder mit solchen ber\u00fchrenden Momenten belohnt.<\/span><\/p>\n<p>&nbsp;<\/p>\n<p><a href=\"https:\/\/fabijennas-seeleninsel.de\/wordpress\/wp-content\/uploads\/2017\/05\/18527606_1694532793894163_5642350263782678836_n.jpg\"><img loading=\"lazy\" class=\"alignnone size-medium wp-image-3894\" src=\"https:\/\/fabijennas-seeleninsel.de\/wordpress\/wp-content\/uploads\/2017\/05\/18527606_1694532793894163_5642350263782678836_n-640x480.jpg\" alt=\"18527606_1694532793894163_5642350263782678836_n\" width=\"640\" height=\"480\" data-wp-pid=\"3894\" srcset=\"https:\/\/fabijennas-seeleninsel.de\/wordpress\/wp-content\/uploads\/2017\/05\/18527606_1694532793894163_5642350263782678836_n-640x480.jpg 640w, https:\/\/fabijennas-seeleninsel.de\/wordpress\/wp-content\/uploads\/2017\/05\/18527606_1694532793894163_5642350263782678836_n-800x600.jpg 800w, https:\/\/fabijennas-seeleninsel.de\/wordpress\/wp-content\/uploads\/2017\/05\/18527606_1694532793894163_5642350263782678836_n.jpg 960w\" sizes=\"(max-width: 640px) 100vw, 640px\" \/><\/a><\/p>\n","protected":false},"excerpt":{"rendered":"<p>Einen wundersch\u00f6nen guten Morgen ihr lieben. Ich w\u00fcnsche euch einen sch\u00f6nen Montag ??\u2764\ufe0f\u2764\ufe0f???? Ich m\u00f6chte euch etwas Sch\u00f6nes zeigen das mich immer noch sehr ber\u00fchrt. In meinem Kindermalkurs haben die Kinder f\u00fcr sich eine Kette angefertigt. Bevor die Kinder abgeholt wurden kam zu mir eine M\u00e4dchen Namens Laura (es ist das M\u00e4dchen aus dem Video, [&hellip;]<\/p>\n","protected":false},"author":3,"featured_media":3894,"comment_status":"closed","ping_status":"open","sticky":false,"template":"","format":"standard","meta":{"_et_pb_use_builder":"","_et_pb_old_content":"","_et_gb_content_width":""},"categories":[1],"tags":[],"_links":{"self":[{"href":"https:\/\/fabijennas-seeleninsel.de\/wordpress\/wp-json\/wp\/v2\/posts\/3893"}],"collection":[{"href":"https:\/\/fabijennas-seeleninsel.de\/wordpress\/wp-json\/wp\/v2\/posts"}],"about":[{"href":"https:\/\/fabijennas-seeleninsel.de\/wordpress\/wp-json\/wp\/v2\/types\/post"}],"author":[{"embeddable":true,"href":"https:\/\/fabijennas-seeleninsel.de\/wordpress\/wp-json\/wp\/v2\/users\/3"}],"replies":[{"embeddable":true,"href":"https:\/\/fabijennas-seeleninsel.de\/wordpress\/wp-json\/wp\/v2\/comments?post=3893"}],"version-history":[{"count":1,"href":"https:\/\/fabijennas-seeleninsel.de\/wordpress\/wp-json\/wp\/v2\/posts\/3893\/revisions"}],"predecessor-version":[{"id":3895,"href":"https:\/\/fabijennas-seeleninsel.de\/wordpress\/wp-json\/wp\/v2\/posts\/3893\/revisions\/3895"}],"wp:featuredmedia":[{"embeddable":true,"href":"https:\/\/fabijennas-seeleninsel.de\/wordpress\/wp-json\/wp\/v2\/media\/3894"}],"wp:attachment":[{"href":"https:\/\/fabijennas-seeleninsel.de\/wordpress\/wp-json\/wp\/v2\/media?parent=3893"}],"wp:term":[{"taxonomy":"category","embeddable":true,"href":"https:\/\/fabijennas-seeleninsel.de\/wordpress\/wp-json\/wp\/v2\/categories?post=3893"},{"taxonomy":"post_tag","embeddable":true,"href":"https:\/\/fabijennas-seeleninsel.de\/wordpress\/wp-json\/wp\/v2\/tags?post=3893"}],"curies":[{"name":"wp","href":"https:\/\/api.w.org\/{rel}","templated":true}]}}