{"id":3902,"date":"2017-05-18T19:57:33","date_gmt":"2017-05-18T17:57:33","guid":{"rendered":"https:\/\/fabijennas-seeleninsel.de\/wordpress\/?p=3902"},"modified":"2017-05-18T19:57:33","modified_gmt":"2017-05-18T17:57:33","slug":"zerdrueckte-mediterrane","status":"publish","type":"post","link":"https:\/\/fabijennas-seeleninsel.de\/wordpress\/zerdrueckte-mediterrane\/","title":{"rendered":"Zerdr\u00fcckte mediterrane&#8230;.."},"content":{"rendered":"<p>Aus meiner Kreative K\u00fcche. Ein sehr schnelles und leckeres Mittagessen. Genau das richtige f\u00fcr einen hei\u00dfen Tag.<br \/>\n&#8230;&#8230;. und im Garten schmeckt es am besten <span class=\"_5mfr _47e3\"><img loading=\"lazy\" class=\"img\" src=\"https:\/\/static.xx.fbcdn.net\/images\/emoji.php\/v8\/f7f\/1\/16\/1f60a.png\" alt=\"\" width=\"16\" height=\"16\" \/><span class=\"_7oe\">?<\/span><\/span><span class=\"_5mfr _47e3\"><img loading=\"lazy\" class=\"img\" src=\"https:\/\/static.xx.fbcdn.net\/images\/emoji.php\/v8\/f7f\/1\/16\/1f60a.png\" alt=\"\" width=\"16\" height=\"16\" \/><span class=\"_7oe\">?<\/span><\/span><\/p>\n<div class=\"text_exposed_show\">\n<p>Zerdr\u00fcckte mediterrane Kartoffeln mit Guacamole<\/p>\n<p>8 Bio Kartoffeln mit Schale kochen.<\/p>\n<p>Marinade<\/p>\n<p>8 EL Oliven\u00f6l<br \/>\n1 voller TL Bergsalz,<br \/>\n2 EL Zitronensaft<br \/>\nFrisch gemahlenen Pfeffer<br \/>\n4 Zweige Thymian<br \/>\nChiliflocken<br \/>\n2 Knoblauchzehe ( Zedr\u00fccken)<br \/>\n5 St\u00e4ngel Thymian ( Bl\u00e4ttchen abzupfen)<br \/>\n1 St\u00e4ngel Liebst\u00f6ckel ( Klein hacken)<br \/>\n1 kleiner St\u00e4ngel Olivenkraut ( die Bl\u00e4tter abzupfen und klein hacken)<br \/>\nDie Marinade verr\u00fchren<\/p>\n<p>Offen vorheizen Umluft 210 grad<br \/>\nDie vorgekochte Kartoffeln leicht zerdr\u00fccken und auf ge\u00f6lte Pfanne oder Backblech die Kartoffeln geben. Mit der Marinade betr\u00e4ufeln bis sie aufgebraucht wird.<br \/>\nKartoffeln in hei\u00dfen Ofen 15 min backen.<\/p>\n<p>Dazu habe ich serviert Guacamole<\/p>\n<p>Zubereitet aus Avocado, Tomaten, rote Zwiebel, Knoblauch, Zitronensaft, Schnittknoblauch, Knoblauchranke, Salz, Pfeffer,<\/p>\n<p>Viel Spa\u00df beim nachmachen.<br \/>\nMein Teenager war sehr begeistert <span class=\"_5mfr _47e3\"><img loading=\"lazy\" class=\"img\" src=\"https:\/\/static.xx.fbcdn.net\/images\/emoji.php\/v8\/f7f\/1\/16\/1f60a.png\" alt=\"\" width=\"16\" height=\"16\" \/><\/span><\/p>\n<\/div>\n<p><a href=\"https:\/\/fabijennas-seeleninsel.de\/wordpress\/wp-content\/uploads\/2017\/05\/18486430_459069187762504_8375430196614958808_n.jpg\"><img loading=\"lazy\" class=\"alignnone size-medium wp-image-3903\" src=\"https:\/\/fabijennas-seeleninsel.de\/wordpress\/wp-content\/uploads\/2017\/05\/18486430_459069187762504_8375430196614958808_n-640x427.jpg\" alt=\"18486430_459069187762504_8375430196614958808_n\" width=\"640\" height=\"427\" data-wp-pid=\"3903\" srcset=\"https:\/\/fabijennas-seeleninsel.de\/wordpress\/wp-content\/uploads\/2017\/05\/18486430_459069187762504_8375430196614958808_n-640x427.jpg 640w, https:\/\/fabijennas-seeleninsel.de\/wordpress\/wp-content\/uploads\/2017\/05\/18486430_459069187762504_8375430196614958808_n-140x94.jpg 140w, https:\/\/fabijennas-seeleninsel.de\/wordpress\/wp-content\/uploads\/2017\/05\/18486430_459069187762504_8375430196614958808_n-800x533.jpg 800w, https:\/\/fabijennas-seeleninsel.de\/wordpress\/wp-content\/uploads\/2017\/05\/18486430_459069187762504_8375430196614958808_n.jpg 960w\" sizes=\"(max-width: 640px) 100vw, 640px\" \/><\/a> <a href=\"https:\/\/fabijennas-seeleninsel.de\/wordpress\/wp-content\/uploads\/2017\/05\/18581647_459068061095950_543639403487603016_n.jpg\"><img loading=\"lazy\" class=\"alignnone size-medium wp-image-3904\" src=\"https:\/\/fabijennas-seeleninsel.de\/wordpress\/wp-content\/uploads\/2017\/05\/18581647_459068061095950_543639403487603016_n-640x427.jpg\" alt=\"18581647_459068061095950_543639403487603016_n\" width=\"640\" height=\"427\" data-wp-pid=\"3904\" srcset=\"https:\/\/fabijennas-seeleninsel.de\/wordpress\/wp-content\/uploads\/2017\/05\/18581647_459068061095950_543639403487603016_n-640x427.jpg 640w, https:\/\/fabijennas-seeleninsel.de\/wordpress\/wp-content\/uploads\/2017\/05\/18581647_459068061095950_543639403487603016_n-140x94.jpg 140w, https:\/\/fabijennas-seeleninsel.de\/wordpress\/wp-content\/uploads\/2017\/05\/18581647_459068061095950_543639403487603016_n-800x533.jpg 800w, https:\/\/fabijennas-seeleninsel.de\/wordpress\/wp-content\/uploads\/2017\/05\/18581647_459068061095950_543639403487603016_n.jpg 960w\" sizes=\"(max-width: 640px) 100vw, 640px\" \/><\/a><\/p>\n","protected":false},"excerpt":{"rendered":"<p>Aus meiner Kreative K\u00fcche. Ein sehr schnelles und leckeres Mittagessen. Genau das richtige f\u00fcr einen hei\u00dfen Tag. &#8230;&#8230;. und im Garten schmeckt es am besten ?? Zerdr\u00fcckte mediterrane Kartoffeln mit Guacamole 8 Bio Kartoffeln mit Schale kochen. Marinade 8 EL Oliven\u00f6l 1 voller TL Bergsalz, 2 EL Zitronensaft Frisch gemahlenen Pfeffer 4 Zweige Thymian Chiliflocken [&hellip;]<\/p>\n","protected":false},"author":3,"featured_media":3904,"comment_status":"closed","ping_status":"open","sticky":false,"template":"","format":"standard","meta":{"_et_pb_use_builder":"","_et_pb_old_content":"","_et_gb_content_width":""},"categories":[1],"tags":[],"_links":{"self":[{"href":"https:\/\/fabijennas-seeleninsel.de\/wordpress\/wp-json\/wp\/v2\/posts\/3902"}],"collection":[{"href":"https:\/\/fabijennas-seeleninsel.de\/wordpress\/wp-json\/wp\/v2\/posts"}],"about":[{"href":"https:\/\/fabijennas-seeleninsel.de\/wordpress\/wp-json\/wp\/v2\/types\/post"}],"author":[{"embeddable":true,"href":"https:\/\/fabijennas-seeleninsel.de\/wordpress\/wp-json\/wp\/v2\/users\/3"}],"replies":[{"embeddable":true,"href":"https:\/\/fabijennas-seeleninsel.de\/wordpress\/wp-json\/wp\/v2\/comments?post=3902"}],"version-history":[{"count":1,"href":"https:\/\/fabijennas-seeleninsel.de\/wordpress\/wp-json\/wp\/v2\/posts\/3902\/revisions"}],"predecessor-version":[{"id":3905,"href":"https:\/\/fabijennas-seeleninsel.de\/wordpress\/wp-json\/wp\/v2\/posts\/3902\/revisions\/3905"}],"wp:featuredmedia":[{"embeddable":true,"href":"https:\/\/fabijennas-seeleninsel.de\/wordpress\/wp-json\/wp\/v2\/media\/3904"}],"wp:attachment":[{"href":"https:\/\/fabijennas-seeleninsel.de\/wordpress\/wp-json\/wp\/v2\/media?parent=3902"}],"wp:term":[{"taxonomy":"category","embeddable":true,"href":"https:\/\/fabijennas-seeleninsel.de\/wordpress\/wp-json\/wp\/v2\/categories?post=3902"},{"taxonomy":"post_tag","embeddable":true,"href":"https:\/\/fabijennas-seeleninsel.de\/wordpress\/wp-json\/wp\/v2\/tags?post=3902"}],"curies":[{"name":"wp","href":"https:\/\/api.w.org\/{rel}","templated":true}]}}