{"id":3938,"date":"2017-05-25T16:35:12","date_gmt":"2017-05-25T14:35:12","guid":{"rendered":"https:\/\/fabijennas-seeleninsel.de\/wordpress\/?p=3938"},"modified":"2017-05-25T16:35:12","modified_gmt":"2017-05-25T14:35:12","slug":"gefuellte-kartoffeln","status":"publish","type":"post","link":"https:\/\/fabijennas-seeleninsel.de\/wordpress\/gefuellte-kartoffeln\/","title":{"rendered":"Gef\u00fcllte Kartoffeln"},"content":{"rendered":"<p>Aus meiner Kreative K\u00fcche <span class=\"_5mfr _47e3\"><img loading=\"lazy\" class=\"img\" src=\"https:\/\/static.xx.fbcdn.net\/images\/emoji.php\/v8\/ffb\/1\/16\/1f64f_1f3fb.png\" alt=\"\" width=\"16\" height=\"16\" \/><span class=\"_7oe\">??<\/span><\/span><\/p>\n<p>&nbsp;<\/p>\n<p>Gef\u00fcllte Kartoffeln<\/p>\n<p>7 Bio kleine -mittelgro\u00dfe Kartoffeln mit Schale kochen, ausdampfen lassen, halbieren die Kartoffeln aush\u00f6hlen und die Kartoffelnreste klein schneiden<br \/>\n4 EL Oliven\u00f6l<br \/>\n1 rote Zwiebeln ( kleine W\u00fcrfel schneiden)<span class=\"text_exposed_show\"><br \/>\n2 Knoblauchzehen ( Klein hacken)<br \/>\n1 Spitz Paprika ( kleine W\u00fcrfe schneiden)<br \/>\n150g Austernpilze (klein schneiden)<br \/>\n5 St\u00e4ngel Thymian ( Bl\u00e4tter abzupfen)<br \/>\n1 EL Klein gehackte Liebst\u00f6ckel<br \/>\n200ml Mandel Cuisine<br \/>\nVeganer geriebenen K\u00e4se<br \/>\nBergsalz, frisch gemahlenen Pfeffer <\/span><\/p>\n<div class=\"text_exposed_show\">\n<p>Oliven\u00f6l in eine Pfanne erhitzen und die Zwiebel, Knoblauch, Kr\u00e4uter, Austernpilze, Paprika 4 min anbraten. Immer wieder umr\u00fchren, darf nicht anbrennen. Dann die St\u00fccke Kartoffeln dazu geben und noch ca. 2 min. mit braten.<br \/>\nDie Mandelcousine dazu geben und 1 min. aufkochen. W\u00fcrzen mit Salz und Pfeffer<br \/>\nDie Kartoffeln damit f\u00fcllen und mit K\u00e4se bestreuen.<\/p>\n<p>Ofen -Umluft 210 Grad ca. 12-15 min backen<\/p>\n<p>Mit Salat <span class=\"_5mfr _47e3\"><img loading=\"lazy\" class=\"img\" src=\"https:\/\/static.xx.fbcdn.net\/images\/emoji.php\/v8\/f33\/1\/16\/1f957.png\" alt=\"\" width=\"16\" height=\"16\" \/><span class=\"_7oe\">?<\/span><\/span> servieren<br \/>\nMein neues Rezept hat gro\u00dfes Lob bekommen <span class=\"_5mfr _47e3\"><img loading=\"lazy\" class=\"img\" src=\"https:\/\/static.xx.fbcdn.net\/images\/emoji.php\/v8\/f0\/1\/16\/1f60b.png\" alt=\"\" width=\"16\" height=\"16\" \/><span class=\"_7oe\">?<\/span><\/span><span class=\"_5mfr _47e3\"><img loading=\"lazy\" class=\"img\" src=\"https:\/\/static.xx.fbcdn.net\/images\/emoji.php\/v8\/f0\/1\/16\/1f60b.png\" alt=\"\" width=\"16\" height=\"16\" \/><span class=\"_7oe\">?<\/span><\/span><span class=\"_5mfr _47e3\"><img loading=\"lazy\" class=\"img\" src=\"https:\/\/static.xx.fbcdn.net\/images\/emoji.php\/v8\/f7f\/1\/16\/1f60a.png\" alt=\"\" width=\"16\" height=\"16\" \/><span class=\"_7oe\">?<\/span><\/span><span class=\"_5mfr _47e3\"><img loading=\"lazy\" class=\"img\" src=\"https:\/\/static.xx.fbcdn.net\/images\/emoji.php\/v8\/f75\/1\/16\/1f618.png\" alt=\"\" width=\"16\" height=\"16\" \/><\/span><\/p>\n<\/div>\n<p><a href=\"https:\/\/fabijennas-seeleninsel.de\/wordpress\/wp-content\/uploads\/2017\/05\/18527807_459570794379010_3413531021749116195_n.jpg\"><img loading=\"lazy\" class=\"alignnone size-medium wp-image-3939\" src=\"https:\/\/fabijennas-seeleninsel.de\/wordpress\/wp-content\/uploads\/2017\/05\/18527807_459570794379010_3413531021749116195_n-640x427.jpg\" alt=\"18527807_459570794379010_3413531021749116195_n\" width=\"640\" height=\"427\" data-wp-pid=\"3939\" srcset=\"https:\/\/fabijennas-seeleninsel.de\/wordpress\/wp-content\/uploads\/2017\/05\/18527807_459570794379010_3413531021749116195_n-640x427.jpg 640w, https:\/\/fabijennas-seeleninsel.de\/wordpress\/wp-content\/uploads\/2017\/05\/18527807_459570794379010_3413531021749116195_n-140x94.jpg 140w, https:\/\/fabijennas-seeleninsel.de\/wordpress\/wp-content\/uploads\/2017\/05\/18527807_459570794379010_3413531021749116195_n-800x533.jpg 800w, https:\/\/fabijennas-seeleninsel.de\/wordpress\/wp-content\/uploads\/2017\/05\/18527807_459570794379010_3413531021749116195_n.jpg 960w\" sizes=\"(max-width: 640px) 100vw, 640px\" \/><\/a><\/p>\n","protected":false},"excerpt":{"rendered":"<p>Aus meiner Kreative K\u00fcche ?? &nbsp; Gef\u00fcllte Kartoffeln 7 Bio kleine -mittelgro\u00dfe Kartoffeln mit Schale kochen, ausdampfen lassen, halbieren die Kartoffeln aush\u00f6hlen und die Kartoffelnreste klein schneiden 4 EL Oliven\u00f6l 1 rote Zwiebeln ( kleine W\u00fcrfel schneiden) 2 Knoblauchzehen ( Klein hacken) 1 Spitz Paprika ( kleine W\u00fcrfe schneiden) 150g Austernpilze (klein schneiden) 5 St\u00e4ngel [&hellip;]<\/p>\n","protected":false},"author":3,"featured_media":3939,"comment_status":"closed","ping_status":"open","sticky":false,"template":"","format":"standard","meta":{"_et_pb_use_builder":"","_et_pb_old_content":"","_et_gb_content_width":""},"categories":[1],"tags":[],"_links":{"self":[{"href":"https:\/\/fabijennas-seeleninsel.de\/wordpress\/wp-json\/wp\/v2\/posts\/3938"}],"collection":[{"href":"https:\/\/fabijennas-seeleninsel.de\/wordpress\/wp-json\/wp\/v2\/posts"}],"about":[{"href":"https:\/\/fabijennas-seeleninsel.de\/wordpress\/wp-json\/wp\/v2\/types\/post"}],"author":[{"embeddable":true,"href":"https:\/\/fabijennas-seeleninsel.de\/wordpress\/wp-json\/wp\/v2\/users\/3"}],"replies":[{"embeddable":true,"href":"https:\/\/fabijennas-seeleninsel.de\/wordpress\/wp-json\/wp\/v2\/comments?post=3938"}],"version-history":[{"count":1,"href":"https:\/\/fabijennas-seeleninsel.de\/wordpress\/wp-json\/wp\/v2\/posts\/3938\/revisions"}],"predecessor-version":[{"id":3940,"href":"https:\/\/fabijennas-seeleninsel.de\/wordpress\/wp-json\/wp\/v2\/posts\/3938\/revisions\/3940"}],"wp:featuredmedia":[{"embeddable":true,"href":"https:\/\/fabijennas-seeleninsel.de\/wordpress\/wp-json\/wp\/v2\/media\/3939"}],"wp:attachment":[{"href":"https:\/\/fabijennas-seeleninsel.de\/wordpress\/wp-json\/wp\/v2\/media?parent=3938"}],"wp:term":[{"taxonomy":"category","embeddable":true,"href":"https:\/\/fabijennas-seeleninsel.de\/wordpress\/wp-json\/wp\/v2\/categories?post=3938"},{"taxonomy":"post_tag","embeddable":true,"href":"https:\/\/fabijennas-seeleninsel.de\/wordpress\/wp-json\/wp\/v2\/tags?post=3938"}],"curies":[{"name":"wp","href":"https:\/\/api.w.org\/{rel}","templated":true}]}}