{"id":3941,"date":"2017-05-25T16:39:20","date_gmt":"2017-05-25T14:39:20","guid":{"rendered":"https:\/\/fabijennas-seeleninsel.de\/wordpress\/?p=3941"},"modified":"2017-05-25T16:39:20","modified_gmt":"2017-05-25T14:39:20","slug":"vegane-cevapcici","status":"publish","type":"post","link":"https:\/\/fabijennas-seeleninsel.de\/wordpress\/vegane-cevapcici\/","title":{"rendered":"Vegane Cevapcici&#8230;."},"content":{"rendered":"<div id=\"id_5926ebd7aa66f7503834026\" class=\"text_exposed_root text_exposed\">Vegane Cevapcici aus Quinoa mit KartoffelnBrei gek\u00fcsst von gebratenen Champion und frische Rucola<br \/>\n(Ohne Soja und Gluten)<\/p>\n<p>200 g Quinoa<br \/>\n320 ml Gem\u00fcsebr\u00fche ( So lange kochen bis alle Fl\u00fcssigkeit verkocht ist) <span class=\"text_exposed_show\"><br \/>\n1EL Thymian frisch (hacken)<br \/>\n1 EL Estragon frisch (hacken)<br \/>\n1 Gro\u00dfe St\u00e4ngel Liebst\u00f6ckel (hacken)<br \/>\n1 EL Koriander frisch (hacken)<br \/>\n1 TL getrocknete Majoran<br \/>\n4 EL Mittelscharfe Senf<br \/>\n1 Gro\u00dfe rote Zwiebeln ( W\u00fcrfel schneiden)<br \/>\n2 TL ger\u00e4ucherte Paprikapulver<br \/>\n1 TL Rote Paprikapulver<br \/>\n2 Gro\u00dfe Knoblauchzehen pressen<br \/>\n2 TL Johanisbrotkernmehl<br \/>\nSalz, frisch gemahlenen Pfeffer<\/p>\n<p>Alles zusammen vermischen und kleine Cevapcici formen. Oliven\u00f6l in eine Pfanne erhitzen und die cevapcici von alle Seite ausbraten,<\/p>\n<p>Dazu frisch zubereitete Kartoffelbrei vermischt mit angebratene braune Champion, ruccola in kleine St\u00fccke geschnitten, frisch geriebenen Muskatnuss.<br \/>\nServiert habe ich dazu selbst gemachte Ajvar und Salat <span class=\"_5mfr _47e3\"><img loading=\"lazy\" class=\"img\" src=\"https:\/\/static.xx.fbcdn.net\/images\/emoji.php\/v8\/f0\/1\/16\/1f60b.png\" alt=\"\" width=\"16\" height=\"16\" \/><span class=\"_7oe\">?<\/span><\/span><span class=\"_5mfr _47e3\"><img loading=\"lazy\" class=\"img\" src=\"https:\/\/static.xx.fbcdn.net\/images\/emoji.php\/v8\/f0\/1\/16\/1f60b.png\" alt=\"\" width=\"16\" height=\"16\" \/><span class=\"_7oe\">?<\/span><\/span><span class=\"_5mfr _47e3\"><img loading=\"lazy\" class=\"img\" src=\"https:\/\/static.xx.fbcdn.net\/images\/emoji.php\/v8\/f0\/1\/16\/1f60b.png\" alt=\"\" width=\"16\" height=\"16\" \/><span class=\"_7oe\">?<\/span><\/span><br \/>\nGuten Appetit<\/p>\n<p>Kalt schmecken sie hervorragend <span class=\"_5mfr _47e3\"><img loading=\"lazy\" class=\"img\" src=\"https:\/\/static.xx.fbcdn.net\/images\/emoji.php\/v8\/f2\/1\/16\/1f60d.png\" alt=\"\" width=\"16\" height=\"16\" \/><span class=\"_7oe\">?<\/span><\/span><\/span><\/div>\n<div class=\"text_exposed_root text_exposed\"><\/div>\n<div class=\"text_exposed_root text_exposed\"><a href=\"https:\/\/fabijennas-seeleninsel.de\/wordpress\/wp-content\/uploads\/2017\/05\/18447384_458178477851575_8546577149208353953_n.jpg\"><img loading=\"lazy\" class=\"alignnone size-medium wp-image-3942\" src=\"https:\/\/fabijennas-seeleninsel.de\/wordpress\/wp-content\/uploads\/2017\/05\/18447384_458178477851575_8546577149208353953_n-640x427.jpg\" alt=\"18447384_458178477851575_8546577149208353953_n\" width=\"640\" height=\"427\" data-wp-pid=\"3942\" srcset=\"https:\/\/fabijennas-seeleninsel.de\/wordpress\/wp-content\/uploads\/2017\/05\/18447384_458178477851575_8546577149208353953_n-640x427.jpg 640w, https:\/\/fabijennas-seeleninsel.de\/wordpress\/wp-content\/uploads\/2017\/05\/18447384_458178477851575_8546577149208353953_n-140x94.jpg 140w, https:\/\/fabijennas-seeleninsel.de\/wordpress\/wp-content\/uploads\/2017\/05\/18447384_458178477851575_8546577149208353953_n-800x533.jpg 800w, https:\/\/fabijennas-seeleninsel.de\/wordpress\/wp-content\/uploads\/2017\/05\/18447384_458178477851575_8546577149208353953_n.jpg 960w\" sizes=\"(max-width: 640px) 100vw, 640px\" \/><\/a><\/div>\n<div id=\"fbPhotoSnowliftProductsTagList\" class=\"pts fbPhotoProductsTagList\"><\/div>\n<div id=\"fbPhotoSnowliftProductTags\" class=\"fbPhotoProductTags\"><\/div>\n<div id=\"fbPhotoSnowliftLegacyTagList\" class=\"pts fbPhotoLegacyTagList\"><\/div>\n<div id=\"fbPhotoSnowliftCallToActionButton\" class=\"fbPhotosPhotoButtons\"><\/div>\n<div id=\"fbPhotoSnowliftOwnerButtons\" class=\"mvm fbPhotosPhotoOwnerButtons stat_elem\">\n<div id=\"photosTruncatingUIButtonGroup\" class=\"_51xa _3-8m _3-90\"><\/div>\n<\/div>\n","protected":false},"excerpt":{"rendered":"<p>Vegane Cevapcici aus Quinoa mit KartoffelnBrei gek\u00fcsst von gebratenen Champion und frische Rucola (Ohne Soja und Gluten) 200 g Quinoa 320 ml Gem\u00fcsebr\u00fche ( So lange kochen bis alle Fl\u00fcssigkeit verkocht ist) 1EL Thymian frisch (hacken) 1 EL Estragon frisch (hacken) 1 Gro\u00dfe St\u00e4ngel Liebst\u00f6ckel (hacken) 1 EL Koriander frisch (hacken) 1 TL getrocknete Majoran [&hellip;]<\/p>\n","protected":false},"author":3,"featured_media":3942,"comment_status":"closed","ping_status":"open","sticky":false,"template":"","format":"standard","meta":{"_et_pb_use_builder":"","_et_pb_old_content":"","_et_gb_content_width":""},"categories":[1],"tags":[],"_links":{"self":[{"href":"https:\/\/fabijennas-seeleninsel.de\/wordpress\/wp-json\/wp\/v2\/posts\/3941"}],"collection":[{"href":"https:\/\/fabijennas-seeleninsel.de\/wordpress\/wp-json\/wp\/v2\/posts"}],"about":[{"href":"https:\/\/fabijennas-seeleninsel.de\/wordpress\/wp-json\/wp\/v2\/types\/post"}],"author":[{"embeddable":true,"href":"https:\/\/fabijennas-seeleninsel.de\/wordpress\/wp-json\/wp\/v2\/users\/3"}],"replies":[{"embeddable":true,"href":"https:\/\/fabijennas-seeleninsel.de\/wordpress\/wp-json\/wp\/v2\/comments?post=3941"}],"version-history":[{"count":1,"href":"https:\/\/fabijennas-seeleninsel.de\/wordpress\/wp-json\/wp\/v2\/posts\/3941\/revisions"}],"predecessor-version":[{"id":3943,"href":"https:\/\/fabijennas-seeleninsel.de\/wordpress\/wp-json\/wp\/v2\/posts\/3941\/revisions\/3943"}],"wp:featuredmedia":[{"embeddable":true,"href":"https:\/\/fabijennas-seeleninsel.de\/wordpress\/wp-json\/wp\/v2\/media\/3942"}],"wp:attachment":[{"href":"https:\/\/fabijennas-seeleninsel.de\/wordpress\/wp-json\/wp\/v2\/media?parent=3941"}],"wp:term":[{"taxonomy":"category","embeddable":true,"href":"https:\/\/fabijennas-seeleninsel.de\/wordpress\/wp-json\/wp\/v2\/categories?post=3941"},{"taxonomy":"post_tag","embeddable":true,"href":"https:\/\/fabijennas-seeleninsel.de\/wordpress\/wp-json\/wp\/v2\/tags?post=3941"}],"curies":[{"name":"wp","href":"https:\/\/api.w.org\/{rel}","templated":true}]}}