{"id":3945,"date":"2017-06-07T16:44:13","date_gmt":"2017-06-07T14:44:13","guid":{"rendered":"https:\/\/fabijennas-seeleninsel.de\/wordpress\/?p=3945"},"modified":"2017-06-07T16:44:13","modified_gmt":"2017-06-07T14:44:13","slug":"ruccola-pak-choi-pesto","status":"publish","type":"post","link":"https:\/\/fabijennas-seeleninsel.de\/wordpress\/ruccola-pak-choi-pesto\/","title":{"rendered":"Ruccola-Pak choi Pesto"},"content":{"rendered":"<p>Aus meiner Kreative K\u00fcche<br \/>\nHeute zum Fr\u00fchst\u00fcck <span class=\"_5mfr _47e3\"><img loading=\"lazy\" class=\"img\" src=\"https:\/\/static.xx.fbcdn.net\/images\/emoji.php\/v9\/f7f\/1\/16\/1f60a.png\" alt=\"\" width=\"16\" height=\"16\" \/><span class=\"_7oe\">?<\/span><\/span><\/p>\n<p>Es ist ein Geschenk einen Garten zu haben. Meine Fr\u00fcchte Salate und Gem\u00fcse w\u00e4chst und gedeiht <span class=\"_5mfr _47e3\"><img loading=\"lazy\" class=\"img\" src=\"https:\/\/static.xx.fbcdn.net\/images\/emoji.php\/v9\/ffb\/1\/16\/1f64f_1f3fb.png\" alt=\"\" width=\"16\" height=\"16\" \/><span class=\"_7oe\">??<\/span><\/span><span class=\"_5mfr _47e3\"><img loading=\"lazy\" class=\"img\" src=\"https:\/\/static.xx.fbcdn.net\/images\/emoji.php\/v9\/f2\/1\/16\/1f60d.png\" alt=\"\" width=\"16\" height=\"16\" \/><span class=\"_7oe\">?<\/span><\/span><\/p>\n<div class=\"text_exposed_show\">\n<p>Ruccola-Pak choi Pesto <span class=\"_5mfr _47e3\"><img loading=\"lazy\" class=\"img\" src=\"https:\/\/static.xx.fbcdn.net\/images\/emoji.php\/v9\/f0\/1\/16\/1f60b.png\" alt=\"\" width=\"16\" height=\"16\" \/><span class=\"_7oe\">?<\/span><\/span><\/p>\n<p>2 Bund Ruccola<br \/>\n4 Handvoll junge Pak Choi Bl\u00e4tter<br \/>\n2 Handvoll Cashewkerne<br \/>\nBergsalz, Frisch gemahlenen Pfeffer<br \/>\n80 ml Oliven\u00f6l<br \/>\n2 Knoblauchzehen<\/p>\n<p>Alles p\u00fcrieren und genie\u00dfen<\/p>\n<p>Guten Appetit <span class=\"_5mfr _47e3\"><img loading=\"lazy\" class=\"img\" src=\"https:\/\/static.xx.fbcdn.net\/images\/emoji.php\/v9\/f7f\/1\/16\/1f60a.png\" alt=\"\" width=\"16\" height=\"16\" \/><span class=\"_7oe\">?<\/span><\/span><span class=\"_5mfr _47e3\"><img loading=\"lazy\" class=\"img\" src=\"https:\/\/static.xx.fbcdn.net\/images\/emoji.php\/v9\/f75\/1\/16\/1f618.png\" alt=\"\" width=\"16\" height=\"16\" \/><\/span><\/p>\n<\/div>\n<p><a href=\"https:\/\/fabijennas-seeleninsel.de\/wordpress\/wp-content\/uploads\/2017\/06\/18951304_467887306880692_5151235227314632061_n.jpg\"><img loading=\"lazy\" class=\"alignnone size-medium wp-image-3946\" src=\"https:\/\/fabijennas-seeleninsel.de\/wordpress\/wp-content\/uploads\/2017\/06\/18951304_467887306880692_5151235227314632061_n-640x427.jpg\" alt=\"18951304_467887306880692_5151235227314632061_n\" width=\"640\" height=\"427\" data-wp-pid=\"3946\" srcset=\"https:\/\/fabijennas-seeleninsel.de\/wordpress\/wp-content\/uploads\/2017\/06\/18951304_467887306880692_5151235227314632061_n-640x427.jpg 640w, https:\/\/fabijennas-seeleninsel.de\/wordpress\/wp-content\/uploads\/2017\/06\/18951304_467887306880692_5151235227314632061_n-140x94.jpg 140w, https:\/\/fabijennas-seeleninsel.de\/wordpress\/wp-content\/uploads\/2017\/06\/18951304_467887306880692_5151235227314632061_n-800x533.jpg 800w, https:\/\/fabijennas-seeleninsel.de\/wordpress\/wp-content\/uploads\/2017\/06\/18951304_467887306880692_5151235227314632061_n.jpg 960w\" sizes=\"(max-width: 640px) 100vw, 640px\" \/><\/a><\/p>\n","protected":false},"excerpt":{"rendered":"<p>Aus meiner Kreative K\u00fcche Heute zum Fr\u00fchst\u00fcck ? Es ist ein Geschenk einen Garten zu haben. Meine Fr\u00fcchte Salate und Gem\u00fcse w\u00e4chst und gedeiht ??? Ruccola-Pak choi Pesto ? 2 Bund Ruccola 4 Handvoll junge Pak Choi Bl\u00e4tter 2 Handvoll Cashewkerne Bergsalz, Frisch gemahlenen Pfeffer 80 ml Oliven\u00f6l 2 Knoblauchzehen Alles p\u00fcrieren und genie\u00dfen Guten [&hellip;]<\/p>\n","protected":false},"author":3,"featured_media":3946,"comment_status":"closed","ping_status":"open","sticky":false,"template":"","format":"standard","meta":{"_et_pb_use_builder":"","_et_pb_old_content":"","_et_gb_content_width":""},"categories":[1],"tags":[],"_links":{"self":[{"href":"https:\/\/fabijennas-seeleninsel.de\/wordpress\/wp-json\/wp\/v2\/posts\/3945"}],"collection":[{"href":"https:\/\/fabijennas-seeleninsel.de\/wordpress\/wp-json\/wp\/v2\/posts"}],"about":[{"href":"https:\/\/fabijennas-seeleninsel.de\/wordpress\/wp-json\/wp\/v2\/types\/post"}],"author":[{"embeddable":true,"href":"https:\/\/fabijennas-seeleninsel.de\/wordpress\/wp-json\/wp\/v2\/users\/3"}],"replies":[{"embeddable":true,"href":"https:\/\/fabijennas-seeleninsel.de\/wordpress\/wp-json\/wp\/v2\/comments?post=3945"}],"version-history":[{"count":1,"href":"https:\/\/fabijennas-seeleninsel.de\/wordpress\/wp-json\/wp\/v2\/posts\/3945\/revisions"}],"predecessor-version":[{"id":3947,"href":"https:\/\/fabijennas-seeleninsel.de\/wordpress\/wp-json\/wp\/v2\/posts\/3945\/revisions\/3947"}],"wp:featuredmedia":[{"embeddable":true,"href":"https:\/\/fabijennas-seeleninsel.de\/wordpress\/wp-json\/wp\/v2\/media\/3946"}],"wp:attachment":[{"href":"https:\/\/fabijennas-seeleninsel.de\/wordpress\/wp-json\/wp\/v2\/media?parent=3945"}],"wp:term":[{"taxonomy":"category","embeddable":true,"href":"https:\/\/fabijennas-seeleninsel.de\/wordpress\/wp-json\/wp\/v2\/categories?post=3945"},{"taxonomy":"post_tag","embeddable":true,"href":"https:\/\/fabijennas-seeleninsel.de\/wordpress\/wp-json\/wp\/v2\/tags?post=3945"}],"curies":[{"name":"wp","href":"https:\/\/api.w.org\/{rel}","templated":true}]}}