{"id":3953,"date":"2017-06-18T08:37:27","date_gmt":"2017-06-18T06:37:27","guid":{"rendered":"https:\/\/fabijennas-seeleninsel.de\/wordpress\/?p=3953"},"modified":"2017-06-18T08:37:27","modified_gmt":"2017-06-18T06:37:27","slug":"veganer-kartoffeln-broccoli","status":"publish","type":"post","link":"https:\/\/fabijennas-seeleninsel.de\/wordpress\/veganer-kartoffeln-broccoli\/","title":{"rendered":"Veganer Kartoffeln-Broccoli.."},"content":{"rendered":"<p>Aus meiner Kreative K\u00fcche. <span class=\"_5mfr _47e3\"><img loading=\"lazy\" class=\"img\" src=\"https:\/\/static.xx.fbcdn.net\/images\/emoji.php\/v9\/fac\/1\/16\/2665.png\" alt=\"\" width=\"16\" height=\"16\" \/><span class=\"_7oe\">\u2665\ufe0f<\/span><\/span><\/p>\n<p>Terrassent\u00fcren auf , Gem\u00fcse und Kr\u00e4uter aus unseren Garten ernten und sich Kreativ in der K\u00fcche austoben erf\u00fcllt mich sehr <span class=\"_5mfr _47e3\"><img loading=\"lazy\" class=\"img\" src=\"https:\/\/static.xx.fbcdn.net\/images\/emoji.php\/v9\/fac\/1\/16\/2665.png\" alt=\"\" width=\"16\" height=\"16\" \/><span class=\"_7oe\">\u2665\ufe0f<\/span><\/span><br \/>\nKoc<span class=\"text_exposed_show\">hen ist f\u00fcr mich Leidenschaft <span class=\"_5mfr _47e3\"><img loading=\"lazy\" class=\"img\" src=\"https:\/\/static.xx.fbcdn.net\/images\/emoji.php\/v9\/f96\/1\/16\/1f49c.png\" alt=\"\" width=\"16\" height=\"16\" \/><span class=\"_7oe\">?<\/span><\/span><\/span><\/p>\n<div class=\"text_exposed_show\">\n<p>Hier wieder mein Rezept<\/p>\n<p>Veganer Kartoffeln-Broccoli Auflauf mit B\u00e9chamelsauce und frischen Kr\u00e4utern<\/p>\n<p>7 Mittelgro\u00dfe Kartoffeln (kochen mit Schale, bisschen abk\u00fchlen lassen, sch\u00e4len und in Scheiben schneiden)<br \/>\n1 Broccoli (in r\u00f6schen teilen und ein wenig in Salzwasser garen)<br \/>\n2 Handvoll jungen Spinat<\/p>\n<p>B\u00e9chamelsauce<\/p>\n<p>4 EL Alba\u00f6l<br \/>\n3 volle EL Dinkelmehl<br \/>\n500 ml Unges\u00fcster Mandelmilch<br \/>\nFrisch geriebenen Muskatnuss<br \/>\n2 EL frisch gehackte Liebst\u00f6ckel<br \/>\n1 EL frischen Thymian Bl\u00e4tter<br \/>\n1 EL frisch gehackte Majoran<br \/>\nSalz, frisch gemahlenen Pfeffer<\/p>\n<p>\u00d6l in eine Pfanne erhitzen und<br \/>\ndas Mehl einr\u00fchren und und die Mandelmilch dazugeben bis die Sauce unter m\u00e4\u00dfiger Hitze eindickt. Die gehackte frischen Kr\u00e4utern dazugeben, und mit Salz, Pfeffer, Gem\u00fcsebr\u00fche ( Pulver)und etwas Muskat abschmecken.<\/p>\n<p>Offen Umluft 190 Grad<\/p>\n<p>In einem Sch\u00fcssel Kartoffelnscheiben, Spinat, Broccoli geben und die B\u00e9chamelsauce<br \/>\nunterr\u00fchren.<br \/>\nIn eine gefettete Auflaufform geben und f\u00fcr ca. 25-30Minuten backen bis die Oberfl\u00e4che ein wenig braun ist.<\/p>\n<p>Guten Appetit <span class=\"_5mfr _47e3\"><img loading=\"lazy\" class=\"img\" src=\"https:\/\/static.xx.fbcdn.net\/images\/emoji.php\/v9\/fac\/1\/16\/2665.png\" alt=\"\" width=\"16\" height=\"16\" \/><\/span><\/p>\n<\/div>\n<p><a href=\"https:\/\/fabijennas-seeleninsel.de\/wordpress\/wp-content\/uploads\/2017\/06\/19149396_473745539628202_2509879308792293017_n.jpg\"><img loading=\"lazy\" class=\"alignnone size-medium wp-image-3954\" src=\"https:\/\/fabijennas-seeleninsel.de\/wordpress\/wp-content\/uploads\/2017\/06\/19149396_473745539628202_2509879308792293017_n-640x427.jpg\" alt=\"19149396_473745539628202_2509879308792293017_n\" width=\"640\" height=\"427\" data-wp-pid=\"3954\" srcset=\"https:\/\/fabijennas-seeleninsel.de\/wordpress\/wp-content\/uploads\/2017\/06\/19149396_473745539628202_2509879308792293017_n-640x427.jpg 640w, https:\/\/fabijennas-seeleninsel.de\/wordpress\/wp-content\/uploads\/2017\/06\/19149396_473745539628202_2509879308792293017_n-140x94.jpg 140w, https:\/\/fabijennas-seeleninsel.de\/wordpress\/wp-content\/uploads\/2017\/06\/19149396_473745539628202_2509879308792293017_n-800x533.jpg 800w, https:\/\/fabijennas-seeleninsel.de\/wordpress\/wp-content\/uploads\/2017\/06\/19149396_473745539628202_2509879308792293017_n.jpg 960w\" sizes=\"(max-width: 640px) 100vw, 640px\" \/><\/a><\/p>\n","protected":false},"excerpt":{"rendered":"<p>Aus meiner Kreative K\u00fcche. \u2665\ufe0f Terrassent\u00fcren auf , Gem\u00fcse und Kr\u00e4uter aus unseren Garten ernten und sich Kreativ in der K\u00fcche austoben erf\u00fcllt mich sehr \u2665\ufe0f Kochen ist f\u00fcr mich Leidenschaft ? Hier wieder mein Rezept Veganer Kartoffeln-Broccoli Auflauf mit B\u00e9chamelsauce und frischen Kr\u00e4utern 7 Mittelgro\u00dfe Kartoffeln (kochen mit Schale, bisschen abk\u00fchlen lassen, sch\u00e4len und [&hellip;]<\/p>\n","protected":false},"author":3,"featured_media":3954,"comment_status":"closed","ping_status":"open","sticky":false,"template":"","format":"standard","meta":{"_et_pb_use_builder":"","_et_pb_old_content":"","_et_gb_content_width":""},"categories":[1],"tags":[],"_links":{"self":[{"href":"https:\/\/fabijennas-seeleninsel.de\/wordpress\/wp-json\/wp\/v2\/posts\/3953"}],"collection":[{"href":"https:\/\/fabijennas-seeleninsel.de\/wordpress\/wp-json\/wp\/v2\/posts"}],"about":[{"href":"https:\/\/fabijennas-seeleninsel.de\/wordpress\/wp-json\/wp\/v2\/types\/post"}],"author":[{"embeddable":true,"href":"https:\/\/fabijennas-seeleninsel.de\/wordpress\/wp-json\/wp\/v2\/users\/3"}],"replies":[{"embeddable":true,"href":"https:\/\/fabijennas-seeleninsel.de\/wordpress\/wp-json\/wp\/v2\/comments?post=3953"}],"version-history":[{"count":1,"href":"https:\/\/fabijennas-seeleninsel.de\/wordpress\/wp-json\/wp\/v2\/posts\/3953\/revisions"}],"predecessor-version":[{"id":3955,"href":"https:\/\/fabijennas-seeleninsel.de\/wordpress\/wp-json\/wp\/v2\/posts\/3953\/revisions\/3955"}],"wp:featuredmedia":[{"embeddable":true,"href":"https:\/\/fabijennas-seeleninsel.de\/wordpress\/wp-json\/wp\/v2\/media\/3954"}],"wp:attachment":[{"href":"https:\/\/fabijennas-seeleninsel.de\/wordpress\/wp-json\/wp\/v2\/media?parent=3953"}],"wp:term":[{"taxonomy":"category","embeddable":true,"href":"https:\/\/fabijennas-seeleninsel.de\/wordpress\/wp-json\/wp\/v2\/categories?post=3953"},{"taxonomy":"post_tag","embeddable":true,"href":"https:\/\/fabijennas-seeleninsel.de\/wordpress\/wp-json\/wp\/v2\/tags?post=3953"}],"curies":[{"name":"wp","href":"https:\/\/api.w.org\/{rel}","templated":true}]}}