{"id":3972,"date":"2017-06-20T08:54:15","date_gmt":"2017-06-20T06:54:15","guid":{"rendered":"https:\/\/fabijennas-seeleninsel.de\/wordpress\/?p=3972"},"modified":"2017-06-20T08:55:46","modified_gmt":"2017-06-20T06:55:46","slug":"tages-seminar-mit-sonja","status":"publish","type":"post","link":"https:\/\/fabijennas-seeleninsel.de\/wordpress\/tages-seminar-mit-sonja\/","title":{"rendered":"Tages Seminar mit Sonja&#8230;"},"content":{"rendered":"<p>&nbsp;<\/p>\n<p>Die Sonja Ariel von Staaten ist bei mir. Ich freue mich unendlich.<\/p>\n<p>Anmeldungen \u00fcber Sonja bitte.<\/p>\n<p>Die Emailadresse liegt dabei \ud83d\ude42<\/p>\n<p>&nbsp;<\/p>\n<p>&nbsp;<\/p>\n<p>Seminar &#8222;Die Magie des puren, reinen LebensGl\u00fccks!&#8220;<br \/>\nSp\u00fcre Dein Sein auf allen Ebenen und erkenne Dein wahres Potential<\/p>\n<p>An diesem besonderen Tag werde ich Dir all meine Erfahrungen und Erkenntnisse aus 15 Jahren intensivster Selbst-Entwicklung anbieten, damit auch Du ein Leben erschaffen kannst, dass Dir wirklich gef\u00e4llt und gut tut.<\/p>\n<p>Wir beleuchten mit viel Freude die verschiedenen Aspekte des menschlichen Selbst, betrachten die Herausforderungen und finden L\u00f6sungen. Dieser Tag wird viel in Dir bewegen und es liegt an Dir, wieviel Ver\u00e4nderung Du willst und brauchst. Alles ist m\u00f6glich, wenn Du es Dir erlaubst und offen bist f\u00fcr Wunder. Sie geschehen jeden Tag&#8230;<\/p>\n<p>Ich stehe Dir mit allem zur Verf\u00fcgung, was d<span class=\"text_exposed_show\">azu n\u00f6tig ist. Mit meiner speziellen Mischung aus Spiritualit\u00e4t, Wissenschaft, Humor, Lebensfreude und Empathie.<br \/>\nTermin: Samstag, 22. Juli 2017<br \/>\nBeginn: 10.00 Uhr &#8211; 17.00 Uhr<br \/>\nEnergieausgleich: 96,00 \u20ac inkl. Snacks &amp; Getr\u00e4nke (Vorkasse)<\/span><\/p>\n<p>Anmeldung: kontakt@sonjas-engelwelt.d<wbr \/>e<\/p>\n<p>Veranstaltungsort:<br \/>\nHana Rosenauer<br \/>\nHochfeldstr.1<br \/>\n84431 Heldenstein-Lauterbach<\/p>\n<p>Ich freue mich auf Dich und auf einen herz\u00f6ffnenden, herrlichen Tag!<br \/>\nDeine Sonja Ariel von Staden<\/p>\n<p>&nbsp;<\/p>\n<p><a href=\"https:\/\/fabijennas-seeleninsel.de\/wordpress\/wp-content\/uploads\/2017\/06\/18920137_1720166364664139_2390020328425119468_n.jpg\"><img loading=\"lazy\" class=\"alignnone size-medium wp-image-3973\" src=\"https:\/\/fabijennas-seeleninsel.de\/wordpress\/wp-content\/uploads\/2017\/06\/18920137_1720166364664139_2390020328425119468_n-368x480.jpg\" alt=\"18920137_1720166364664139_2390020328425119468_n\" width=\"368\" height=\"480\" data-wp-pid=\"3973\" srcset=\"https:\/\/fabijennas-seeleninsel.de\/wordpress\/wp-content\/uploads\/2017\/06\/18920137_1720166364664139_2390020328425119468_n-368x480.jpg 368w, https:\/\/fabijennas-seeleninsel.de\/wordpress\/wp-content\/uploads\/2017\/06\/18920137_1720166364664139_2390020328425119468_n.jpg 583w\" sizes=\"(max-width: 368px) 100vw, 368px\" \/><\/a><\/p>\n<p>&nbsp;<\/p>\n<p>&nbsp;<\/p>\n<p>&nbsp;<\/p>\n","protected":false},"excerpt":{"rendered":"<p>&nbsp; Die Sonja Ariel von Staaten ist bei mir. Ich freue mich unendlich. Anmeldungen \u00fcber Sonja bitte. Die Emailadresse liegt dabei \ud83d\ude42 &nbsp; &nbsp; Seminar &#8222;Die Magie des puren, reinen LebensGl\u00fccks!&#8220; Sp\u00fcre Dein Sein auf allen Ebenen und erkenne Dein wahres Potential An diesem besonderen Tag werde ich Dir all meine Erfahrungen und Erkenntnisse aus [&hellip;]<\/p>\n","protected":false},"author":3,"featured_media":3973,"comment_status":"closed","ping_status":"open","sticky":false,"template":"","format":"standard","meta":{"_et_pb_use_builder":"","_et_pb_old_content":"","_et_gb_content_width":""},"categories":[1],"tags":[],"_links":{"self":[{"href":"https:\/\/fabijennas-seeleninsel.de\/wordpress\/wp-json\/wp\/v2\/posts\/3972"}],"collection":[{"href":"https:\/\/fabijennas-seeleninsel.de\/wordpress\/wp-json\/wp\/v2\/posts"}],"about":[{"href":"https:\/\/fabijennas-seeleninsel.de\/wordpress\/wp-json\/wp\/v2\/types\/post"}],"author":[{"embeddable":true,"href":"https:\/\/fabijennas-seeleninsel.de\/wordpress\/wp-json\/wp\/v2\/users\/3"}],"replies":[{"embeddable":true,"href":"https:\/\/fabijennas-seeleninsel.de\/wordpress\/wp-json\/wp\/v2\/comments?post=3972"}],"version-history":[{"count":3,"href":"https:\/\/fabijennas-seeleninsel.de\/wordpress\/wp-json\/wp\/v2\/posts\/3972\/revisions"}],"predecessor-version":[{"id":3976,"href":"https:\/\/fabijennas-seeleninsel.de\/wordpress\/wp-json\/wp\/v2\/posts\/3972\/revisions\/3976"}],"wp:featuredmedia":[{"embeddable":true,"href":"https:\/\/fabijennas-seeleninsel.de\/wordpress\/wp-json\/wp\/v2\/media\/3973"}],"wp:attachment":[{"href":"https:\/\/fabijennas-seeleninsel.de\/wordpress\/wp-json\/wp\/v2\/media?parent=3972"}],"wp:term":[{"taxonomy":"category","embeddable":true,"href":"https:\/\/fabijennas-seeleninsel.de\/wordpress\/wp-json\/wp\/v2\/categories?post=3972"},{"taxonomy":"post_tag","embeddable":true,"href":"https:\/\/fabijennas-seeleninsel.de\/wordpress\/wp-json\/wp\/v2\/tags?post=3972"}],"curies":[{"name":"wp","href":"https:\/\/api.w.org\/{rel}","templated":true}]}}