{"id":3983,"date":"2017-06-28T08:35:43","date_gmt":"2017-06-28T06:35:43","guid":{"rendered":"https:\/\/fabijennas-seeleninsel.de\/wordpress\/?p=3983"},"modified":"2017-06-28T08:37:03","modified_gmt":"2017-06-28T06:37:03","slug":"auge-des-erdrachen","status":"publish","type":"post","link":"https:\/\/fabijennas-seeleninsel.de\/wordpress\/auge-des-erdrachen\/","title":{"rendered":"Auge des Erdrachen"},"content":{"rendered":"<p>Heute m\u00f6chte ich euch etwas erz\u00e4hlen bevor ich meine neuen Drachenaugen zeige.<br \/>\nIm Winter w\u00e4hrend den Rauhnn\u00e4chten bin ich durch eine CD von Christine Arana Fader meinem Drachen begegnet und habe dadurch seine Kraft aktiviert.<br \/>\nSeit dieser Zeit mache ich sehr oft wundervolle magische Heilreisen und Rituale mit meinem Drachen. <span class=\"text_exposed_show\"><br \/>\nAls ich Heute angefangen habe ein neues Engelbild zu malen, bekam ich eine Vision,:Ich soll mit dem Engelbild sofort aufh\u00f6ren und der neuen Eingabe folgen.Ich wusste sofort mit welchen Materialien ich arbeiten werde.<br \/>\nHeute habe ich den ganzen Tag im Atelier verbracht und mehrere Drachenaugen angefertigt und vorbereitet.<br \/>\nMorgen geht die Reise weiter.<br \/>\nJedes Drachenauge durchlebte w\u00e4hrend der Anfertigung eine Fantasiereise mit mir.<br \/>\nMir fehlen immer noch die Worte.<br \/>\nIch bin tiefst in meiner Seele ber\u00fchrt. <\/span><\/p>\n<div class=\"text_exposed_show\">\n<p>&nbsp;<\/p>\n<p>&nbsp;<\/p>\n<p>Schutzstein: Auge des Erdrachen<\/p>\n<p>Das Auge des Erdrachen gibt dir Schutz und Kraft.<\/p>\n<p>Es hilft dir dich zu erinnern welche Sch\u00e4tze und Potenziale in dir eingebettet sind.<br \/>\nEs begleitet dich auf deinem Weg zu dir selbst und erweckt deine Kreativit\u00e4t.<\/p>\n<p>Das Drachenauge ist mit Energie aufgeladen, mit Schamanischen Kr\u00e4uter ger\u00e4uchert und es ist mit mir auf eine Trommelreise gegangen.<br \/>\nAugengr\u00f6\u00dfe: 12&#215;8,5cm<br \/>\nMit Blattgold verarbeitet.<\/p>\n<\/div>\n<p>IST BEREITS VERGEBEN<\/p>\n<p>&nbsp;<\/p>\n<p>Alle andere Drachenaugen k\u00f6nnen sie unter meine Schutzengelsteine sehen<\/p>\n<p>&nbsp;<\/p>\n<p><a href=\"https:\/\/fabijennas-seeleninsel.de\/wordpress\/wp-content\/uploads\/2017\/06\/19424093_1415138948565068_5859887659969290275_n.jpg\"><img loading=\"lazy\" class=\"alignnone size-medium wp-image-3984\" src=\"https:\/\/fabijennas-seeleninsel.de\/wordpress\/wp-content\/uploads\/2017\/06\/19424093_1415138948565068_5859887659969290275_n-640x427.jpg\" alt=\"19424093_1415138948565068_5859887659969290275_n\" width=\"640\" height=\"427\" data-wp-pid=\"3984\" srcset=\"https:\/\/fabijennas-seeleninsel.de\/wordpress\/wp-content\/uploads\/2017\/06\/19424093_1415138948565068_5859887659969290275_n-640x427.jpg 640w, https:\/\/fabijennas-seeleninsel.de\/wordpress\/wp-content\/uploads\/2017\/06\/19424093_1415138948565068_5859887659969290275_n-140x94.jpg 140w, https:\/\/fabijennas-seeleninsel.de\/wordpress\/wp-content\/uploads\/2017\/06\/19424093_1415138948565068_5859887659969290275_n-800x533.jpg 800w, https:\/\/fabijennas-seeleninsel.de\/wordpress\/wp-content\/uploads\/2017\/06\/19424093_1415138948565068_5859887659969290275_n.jpg 960w\" sizes=\"(max-width: 640px) 100vw, 640px\" \/><\/a><\/p>\n","protected":false},"excerpt":{"rendered":"<p>Heute m\u00f6chte ich euch etwas erz\u00e4hlen bevor ich meine neuen Drachenaugen zeige. Im Winter w\u00e4hrend den Rauhnn\u00e4chten bin ich durch eine CD von Christine Arana Fader meinem Drachen begegnet und habe dadurch seine Kraft aktiviert. Seit dieser Zeit mache ich sehr oft wundervolle magische Heilreisen und Rituale mit meinem Drachen. Als ich Heute angefangen habe [&hellip;]<\/p>\n","protected":false},"author":3,"featured_media":3984,"comment_status":"closed","ping_status":"open","sticky":false,"template":"","format":"standard","meta":{"_et_pb_use_builder":"","_et_pb_old_content":"","_et_gb_content_width":""},"categories":[1,14],"tags":[],"_links":{"self":[{"href":"https:\/\/fabijennas-seeleninsel.de\/wordpress\/wp-json\/wp\/v2\/posts\/3983"}],"collection":[{"href":"https:\/\/fabijennas-seeleninsel.de\/wordpress\/wp-json\/wp\/v2\/posts"}],"about":[{"href":"https:\/\/fabijennas-seeleninsel.de\/wordpress\/wp-json\/wp\/v2\/types\/post"}],"author":[{"embeddable":true,"href":"https:\/\/fabijennas-seeleninsel.de\/wordpress\/wp-json\/wp\/v2\/users\/3"}],"replies":[{"embeddable":true,"href":"https:\/\/fabijennas-seeleninsel.de\/wordpress\/wp-json\/wp\/v2\/comments?post=3983"}],"version-history":[{"count":2,"href":"https:\/\/fabijennas-seeleninsel.de\/wordpress\/wp-json\/wp\/v2\/posts\/3983\/revisions"}],"predecessor-version":[{"id":3986,"href":"https:\/\/fabijennas-seeleninsel.de\/wordpress\/wp-json\/wp\/v2\/posts\/3983\/revisions\/3986"}],"wp:featuredmedia":[{"embeddable":true,"href":"https:\/\/fabijennas-seeleninsel.de\/wordpress\/wp-json\/wp\/v2\/media\/3984"}],"wp:attachment":[{"href":"https:\/\/fabijennas-seeleninsel.de\/wordpress\/wp-json\/wp\/v2\/media?parent=3983"}],"wp:term":[{"taxonomy":"category","embeddable":true,"href":"https:\/\/fabijennas-seeleninsel.de\/wordpress\/wp-json\/wp\/v2\/categories?post=3983"},{"taxonomy":"post_tag","embeddable":true,"href":"https:\/\/fabijennas-seeleninsel.de\/wordpress\/wp-json\/wp\/v2\/tags?post=3983"}],"curies":[{"name":"wp","href":"https:\/\/api.w.org\/{rel}","templated":true}]}}