{"id":4013,"date":"2017-07-05T09:42:47","date_gmt":"2017-07-05T07:42:47","guid":{"rendered":"https:\/\/fabijennas-seeleninsel.de\/wordpress\/?p=4013"},"modified":"2017-07-05T09:42:47","modified_gmt":"2017-07-05T07:42:47","slug":"workshop-mediales-kindermalen","status":"publish","type":"post","link":"https:\/\/fabijennas-seeleninsel.de\/wordpress\/workshop-mediales-kindermalen\/","title":{"rendered":"Workshop mediales Kindermalen"},"content":{"rendered":"<p>Es ist so weit,der n\u00e4chste Workshop mediales Kinder malen findet am Freitag 14.7.2017 von 14.30 &#8211; 18.00 Uhr bei mir im Atelier statt.<br \/>\nIch lade Kinder zwischen 5-12 Jahren ein, auf eine Reise voller Fantasie in eine bunte Welt ein.<br \/>\nWir werden zun\u00e4chst einen Kreis bilden und uns mit der Muttererde und dem Universum spielerisch verbinden. Jedes Kind wird eine Engelkarte ziehen und zusammen werden wir auch die Botschaft deuten. In einer kleinen Meditation in einer Welt voller Magie und Wunder wird jedes Kind seinem eigenen Einhorn begegnen. Dieses Einhorn werden dann die Kinder auf die Leinwand in Ausdruck bringen. Die Kinder k\u00f6nnen nat\u00fcrlich auch verschiedene Materialien verwenden. Die Fantasie hat bei unserem Ma<span class=\"text_exposed_show\">lkurs keine Grenzen.Bei mir gibt es keine Angeben wie die Kinder malen m\u00fcssen, jedes Kind darf sich bei mir frei entfalten.<br \/>\nEs gibt noch weitere \u00dcberraschungen die wir basteln werden, meine Sch\u00fctzlinge k\u00f6nnen sich freuen.<br \/>\nSnacks, Obst und Getr\u00e4nke stehen bereit. Die Kinder m\u00fcssen nur Klamotten, die mit Farben beschmiert werden d\u00fcrfen mitbringen.<br \/>\nBitte eine Bastelschere mitbringen.Der Energieausgleich f\u00fcr diesen Workshop betr\u00e4gt 40.- Euro. Leinwand, Farben Pinsel und alle Utensilien sind im Preis inbegriffen.<br \/>\nKursteilnehmer 10 Kinder<br \/>\nUm planen zu k\u00f6nnen werden nur feste Zusagen &#8211; Nimmt Teil angenommen.<br \/>\nIch bitte um Verst\u00e4ndnis<br \/>\nNamaste Hana Fabijenna<br \/>\nDer n\u00e4chste Workshop wird Ende September statt findet.<\/span><\/p>\n<p>Es ist noch 1 Platz frei<\/p>\n<p>&nbsp;<\/p>\n<p><a href=\"https:\/\/fabijennas-seeleninsel.de\/wordpress\/wp-content\/uploads\/2017\/07\/19598728_1751616818185760_1662541593844419720_n.jpg\"><img loading=\"lazy\" class=\"alignnone size-medium wp-image-4014\" src=\"https:\/\/fabijennas-seeleninsel.de\/wordpress\/wp-content\/uploads\/2017\/07\/19598728_1751616818185760_1662541593844419720_n-640x461.jpg\" alt=\"19598728_1751616818185760_1662541593844419720_n\" width=\"640\" height=\"461\" data-wp-pid=\"4014\" srcset=\"https:\/\/fabijennas-seeleninsel.de\/wordpress\/wp-content\/uploads\/2017\/07\/19598728_1751616818185760_1662541593844419720_n-640x461.jpg 640w, https:\/\/fabijennas-seeleninsel.de\/wordpress\/wp-content\/uploads\/2017\/07\/19598728_1751616818185760_1662541593844419720_n.jpg 750w\" sizes=\"(max-width: 640px) 100vw, 640px\" \/><\/a><\/p>\n","protected":false},"excerpt":{"rendered":"<p>Es ist so weit,der n\u00e4chste Workshop mediales Kinder malen findet am Freitag 14.7.2017 von 14.30 &#8211; 18.00 Uhr bei mir im Atelier statt. Ich lade Kinder zwischen 5-12 Jahren ein, auf eine Reise voller Fantasie in eine bunte Welt ein. Wir werden zun\u00e4chst einen Kreis bilden und uns mit der Muttererde und dem Universum spielerisch [&hellip;]<\/p>\n","protected":false},"author":3,"featured_media":4014,"comment_status":"closed","ping_status":"open","sticky":false,"template":"","format":"standard","meta":{"_et_pb_use_builder":"","_et_pb_old_content":"","_et_gb_content_width":""},"categories":[1],"tags":[],"_links":{"self":[{"href":"https:\/\/fabijennas-seeleninsel.de\/wordpress\/wp-json\/wp\/v2\/posts\/4013"}],"collection":[{"href":"https:\/\/fabijennas-seeleninsel.de\/wordpress\/wp-json\/wp\/v2\/posts"}],"about":[{"href":"https:\/\/fabijennas-seeleninsel.de\/wordpress\/wp-json\/wp\/v2\/types\/post"}],"author":[{"embeddable":true,"href":"https:\/\/fabijennas-seeleninsel.de\/wordpress\/wp-json\/wp\/v2\/users\/3"}],"replies":[{"embeddable":true,"href":"https:\/\/fabijennas-seeleninsel.de\/wordpress\/wp-json\/wp\/v2\/comments?post=4013"}],"version-history":[{"count":1,"href":"https:\/\/fabijennas-seeleninsel.de\/wordpress\/wp-json\/wp\/v2\/posts\/4013\/revisions"}],"predecessor-version":[{"id":4015,"href":"https:\/\/fabijennas-seeleninsel.de\/wordpress\/wp-json\/wp\/v2\/posts\/4013\/revisions\/4015"}],"wp:featuredmedia":[{"embeddable":true,"href":"https:\/\/fabijennas-seeleninsel.de\/wordpress\/wp-json\/wp\/v2\/media\/4014"}],"wp:attachment":[{"href":"https:\/\/fabijennas-seeleninsel.de\/wordpress\/wp-json\/wp\/v2\/media?parent=4013"}],"wp:term":[{"taxonomy":"category","embeddable":true,"href":"https:\/\/fabijennas-seeleninsel.de\/wordpress\/wp-json\/wp\/v2\/categories?post=4013"},{"taxonomy":"post_tag","embeddable":true,"href":"https:\/\/fabijennas-seeleninsel.de\/wordpress\/wp-json\/wp\/v2\/tags?post=4013"}],"curies":[{"name":"wp","href":"https:\/\/api.w.org\/{rel}","templated":true}]}}