{"id":4016,"date":"2017-07-05T09:49:28","date_gmt":"2017-07-05T07:49:28","guid":{"rendered":"https:\/\/fabijennas-seeleninsel.de\/wordpress\/?p=4016"},"modified":"2017-07-26T18:43:24","modified_gmt":"2017-07-26T16:43:24","slug":"drache-der-inneren-kraeften","status":"publish","type":"post","link":"https:\/\/fabijennas-seeleninsel.de\/wordpress\/drache-der-inneren-kraeften\/","title":{"rendered":"Drache der inneren Kr\u00e4ften"},"content":{"rendered":"<p>Kraft Drachenauge: Drache der inneren Kr\u00e4ften<\/p>\n<p>Wir haben unendliche Lebenskr\u00e4fte in uns wenn wir sie weise nutzen.<br \/>\nDer Drache deiner Inneren Kr\u00e4fte m\u00f6chte dich daran erinnern.<br \/>\nEr sagt: Durch deine \u00c4ngste und Sorgen blockierst du deine Sch\u00f6pferkraft. <span class=\"text_exposed_show\"><br \/>\nDeine Energie und deine Kraft geht verloren und deine Potenziale verschwinden in der Bedeutungslosigkeit.<br \/>\nDein inneres Feuer <span class=\"_5mfr _47e3\"><img loading=\"lazy\" class=\"img\" src=\"https:\/\/static.xx.fbcdn.net\/images\/emoji.php\/v9\/f50\/1\/16\/1f525.png\" alt=\"\" width=\"16\" height=\"16\" \/><span class=\"_7oe\">?<\/span><\/span> m\u00f6chte wieder entz\u00fcndet werden.<br \/>\nErkenne deine Potenziale, sei dir bewusst deiner inneren Macht. B\u00fcndele deine innere Kraft und z\u00fcnde dein inneres Feuer an.<br \/>\nSie m\u00f6chte in dir brennen und weise genutzt werden. <\/span><\/p>\n<div class=\"text_exposed_show\">\n<p>Gr\u00f6\u00dfe: 14x11cm<br \/>\nDas Drachenauge ist mit Energie aufgeladen, mit Schamanischen Kr\u00e4uter ger\u00e4uchert und es ist mit mir auf eine Trommelreise gegangen.<\/p>\n<p>Drachenauge auf Flusten, mit Schaum bearbeitet<\/p>\n<p>Energieausgleich: 65 Euro+Versand<\/p>\n<\/div>\n<p><a href=\"https:\/\/fabijennas-seeleninsel.de\/wordpress\/wp-content\/uploads\/2017\/07\/19601210_1421533074592322_6172256626144889834_n.jpg\"><img loading=\"lazy\" class=\"alignnone size-medium wp-image-4017\" src=\"https:\/\/fabijennas-seeleninsel.de\/wordpress\/wp-content\/uploads\/2017\/07\/19601210_1421533074592322_6172256626144889834_n-640x480.jpg\" alt=\"19601210_1421533074592322_6172256626144889834_n\" width=\"640\" height=\"480\" data-wp-pid=\"4017\" srcset=\"https:\/\/fabijennas-seeleninsel.de\/wordpress\/wp-content\/uploads\/2017\/07\/19601210_1421533074592322_6172256626144889834_n-640x480.jpg 640w, https:\/\/fabijennas-seeleninsel.de\/wordpress\/wp-content\/uploads\/2017\/07\/19601210_1421533074592322_6172256626144889834_n-800x600.jpg 800w, https:\/\/fabijennas-seeleninsel.de\/wordpress\/wp-content\/uploads\/2017\/07\/19601210_1421533074592322_6172256626144889834_n.jpg 960w\" sizes=\"(max-width: 640px) 100vw, 640px\" \/><\/a><\/p>\n","protected":false},"excerpt":{"rendered":"<p>Kraft Drachenauge: Drache der inneren Kr\u00e4ften Wir haben unendliche Lebenskr\u00e4fte in uns wenn wir sie weise nutzen. Der Drache deiner Inneren Kr\u00e4fte m\u00f6chte dich daran erinnern. Er sagt: Durch deine \u00c4ngste und Sorgen blockierst du deine Sch\u00f6pferkraft. Deine Energie und deine Kraft geht verloren und deine Potenziale verschwinden in der Bedeutungslosigkeit. Dein inneres Feuer ? [&hellip;]<\/p>\n","protected":false},"author":3,"featured_media":4017,"comment_status":"closed","ping_status":"open","sticky":false,"template":"","format":"standard","meta":{"_et_pb_use_builder":"","_et_pb_old_content":"","_et_gb_content_width":""},"categories":[14],"tags":[],"_links":{"self":[{"href":"https:\/\/fabijennas-seeleninsel.de\/wordpress\/wp-json\/wp\/v2\/posts\/4016"}],"collection":[{"href":"https:\/\/fabijennas-seeleninsel.de\/wordpress\/wp-json\/wp\/v2\/posts"}],"about":[{"href":"https:\/\/fabijennas-seeleninsel.de\/wordpress\/wp-json\/wp\/v2\/types\/post"}],"author":[{"embeddable":true,"href":"https:\/\/fabijennas-seeleninsel.de\/wordpress\/wp-json\/wp\/v2\/users\/3"}],"replies":[{"embeddable":true,"href":"https:\/\/fabijennas-seeleninsel.de\/wordpress\/wp-json\/wp\/v2\/comments?post=4016"}],"version-history":[{"count":1,"href":"https:\/\/fabijennas-seeleninsel.de\/wordpress\/wp-json\/wp\/v2\/posts\/4016\/revisions"}],"predecessor-version":[{"id":4018,"href":"https:\/\/fabijennas-seeleninsel.de\/wordpress\/wp-json\/wp\/v2\/posts\/4016\/revisions\/4018"}],"wp:featuredmedia":[{"embeddable":true,"href":"https:\/\/fabijennas-seeleninsel.de\/wordpress\/wp-json\/wp\/v2\/media\/4017"}],"wp:attachment":[{"href":"https:\/\/fabijennas-seeleninsel.de\/wordpress\/wp-json\/wp\/v2\/media?parent=4016"}],"wp:term":[{"taxonomy":"category","embeddable":true,"href":"https:\/\/fabijennas-seeleninsel.de\/wordpress\/wp-json\/wp\/v2\/categories?post=4016"},{"taxonomy":"post_tag","embeddable":true,"href":"https:\/\/fabijennas-seeleninsel.de\/wordpress\/wp-json\/wp\/v2\/tags?post=4016"}],"curies":[{"name":"wp","href":"https:\/\/api.w.org\/{rel}","templated":true}]}}