{"id":4071,"date":"2017-08-05T09:02:39","date_gmt":"2017-08-05T07:02:39","guid":{"rendered":"https:\/\/fabijennas-seeleninsel.de\/wordpress\/?p=4071"},"modified":"2017-08-05T09:02:39","modified_gmt":"2017-08-05T07:02:39","slug":"wenn-ich-in-vergangenheit","status":"publish","type":"post","link":"https:\/\/fabijennas-seeleninsel.de\/wordpress\/wenn-ich-in-vergangenheit\/","title":{"rendered":"Wenn ich in vergangenheit&#8230;"},"content":{"rendered":"<div id=\"js_1e\" class=\"_5pbx userContent\" data-ft=\"{&quot;tn&quot;:&quot;K&quot;}\">\n<p>Gestern in der Meditation blickte ich wieder ein mal in meine Vergangenheit zur\u00fcck.<\/p>\n<p>Wenn ich in die Vergangenheit rein sp\u00fcre, erinnere ich mich wie eng sich mein Brustkorb angef\u00fchlt hat, wie bedr\u00fcckend der 100 kg schwere Stein in meinem Magen wahr, auch die Ohnmacht die durch meine Ader zirkulierte, die Angst die mich blind machte.<\/p>\n<p>Meine Gr\u00f6\u00dfe hatte ich mehr als halbiert aus Angst zu zeigen wie zerbrechlich ich war.<br \/>\nIch sprach kaum \u00fcber meine Schmerzen, da ich keinen belasten wollte.<br \/>\nMit meinen \u00c4ngsten hatte ich alleine gelebt, da ich meine Schw\u00e4chen nicht zeigen wollte.<br \/>\nIch bem\u00fchte mich das die Menschen mich liebten und selbst mich zu lieben vergass ich.<br \/>\nIch erbrachte grosse Opfer um die Menschen nicht zu verlieren.<br \/>\nIch opferte mich um sie gl\u00fccklich zu machen.<br \/>\nIch erf\u00fcllte immer alle W\u00fcnsche so wie es von mir verlangt wurde.<br \/>\nEines Tages wurde die Lichtkriegerin in mir wach, voller Kraft stellte sie sich in mir auf und mit einer klaren kr\u00e4ftigen Stimme sagte sie : Schluss damit.<br \/>\nGleichzeitig liebevoll und mitf\u00fchlend schaute sie mich an und mit ihrer bedingungslosen Liebe war sie zu Tr\u00e4nen ger\u00fchrt.<br \/>\nStunden lang sind Tr\u00e4nen geflossen und ich f\u00fchlte mich leichter und entschlossener.<br \/>\nDer Weg wird kein Spaziergang sein, du wirst auch stolpern und auch immer wieder ein paar Schritte r\u00fcckw\u00e4rts machen.<br \/>\nDennoch wird dein Weg immer heller, mutiger und bewusster.<br \/>\nEs wird Menschen geben die w\u00fctend werden weil sie dich nicht mehr manipulieren k\u00f6nnen.<br \/>\nEs wird Menschen geben die w\u00fctend werden weil sie dich nicht mehr klein machen k\u00f6nnen.<br \/>\nEs wird Menschen geben die w\u00fctend werden weil du einen anderen Weg genommen hast.<br \/>\n\u2026.und w\u00e4hrend die Innere Lichtkriegerin zu mir sprach , wurde ich immer entschlossener.<br \/>\nIch sagte das erste mal, Ja zu meinem Leben.<br \/>\nSomit bin ich Tag f\u00fcr Tag die gemeinsamen Schritte meiner inneren Lichtkriegerin gegangen.<br \/>\nJa, sie hatte recht , die Schritte zu mir selbst waren nicht leicht , dennoch war jeder Schritt ein heilender Schritt.<br \/>\nEs waren Tage die wie eine Achterbahn waren, dennoch hab ich mein Zepter nicht aus meiner Hand losgelassen.<br \/>\nIch habe viele Reisen in mein Inneres unternommen und dabei haben mich meine Tr\u00e4nen gereinigt.<br \/>\nDie vielen Wunder auf meinem bewussten Weg haben mir gezeigt das ich die richtige Richtung ging. Die Richtung meines Seelenplanes.<br \/>\nDie Richtung die meine Seele gehen wollte und es \u00f6ffneten sich nach und nach viele T\u00fcren die ich mit voller Neugierde und Freude betrat. Die T\u00fcren die aufgingen schritt ich durch und verwirklichte mich. Manche T\u00fcren wurden wieder geschlossen daf\u00fcr \u00f6ffneten sich wieder neue.<br \/>\nIch habe meinem Leben ein Raum gegeben mit allem was ist.<br \/>\nIch gehe Tag f\u00fcr Tag immer achtsamer mit mir um und mit meinen Gedanken.<br \/>\nIch werde Tag f\u00fcr Tag ein Meister in meinem Leben.<br \/>\nIch werde Tag f\u00fcr Tag mehr zu einer Lichtkriegerin.<br \/>\nIch habe gelernt das zu SEIN was ICH BIN.<br \/>\nDie Waffen die ich gegen mich ausgerichtet habe, habe ich begraben und statt dieser Waffen mein Herz ge\u00f6ffnet.<br \/>\nIch bin bereit f\u00fcr weitere Wunder, Geschenke aber auch f\u00fcr meine Lernprozesse die mir noch begegnen m\u00f6chten und werden.<\/p>\n<p>Namaste Hana Fabijenna<\/p>\n<\/div>\n<div class=\"_5cq3\" data-ft=\"{&quot;tn&quot;:&quot;E&quot;}\"><\/div>\n<div class=\"_5cq3\" data-ft=\"{&quot;tn&quot;:&quot;E&quot;}\"><a href=\"https:\/\/fabijennas-seeleninsel.de\/wordpress\/wp-content\/uploads\/2017\/08\/20431589_1787288137951961_8757770667328329318_n.jpg\"><img loading=\"lazy\" class=\"alignnone size-medium wp-image-4072\" src=\"https:\/\/fabijennas-seeleninsel.de\/wordpress\/wp-content\/uploads\/2017\/08\/20431589_1787288137951961_8757770667328329318_n-492x480.jpg\" alt=\"20431589_1787288137951961_8757770667328329318_n\" width=\"492\" height=\"480\" data-wp-pid=\"4072\" srcset=\"https:\/\/fabijennas-seeleninsel.de\/wordpress\/wp-content\/uploads\/2017\/08\/20431589_1787288137951961_8757770667328329318_n-492x480.jpg 492w, https:\/\/fabijennas-seeleninsel.de\/wordpress\/wp-content\/uploads\/2017\/08\/20431589_1787288137951961_8757770667328329318_n-60x60.jpg 60w, https:\/\/fabijennas-seeleninsel.de\/wordpress\/wp-content\/uploads\/2017\/08\/20431589_1787288137951961_8757770667328329318_n.jpg 750w\" sizes=\"(max-width: 492px) 100vw, 492px\" \/><\/a><\/div>\n","protected":false},"excerpt":{"rendered":"<p>Gestern in der Meditation blickte ich wieder ein mal in meine Vergangenheit zur\u00fcck. Wenn ich in die Vergangenheit rein sp\u00fcre, erinnere ich mich wie eng sich mein Brustkorb angef\u00fchlt hat, wie bedr\u00fcckend der 100 kg schwere Stein in meinem Magen wahr, auch die Ohnmacht die durch meine Ader zirkulierte, die Angst die mich blind machte. [&hellip;]<\/p>\n","protected":false},"author":3,"featured_media":4072,"comment_status":"closed","ping_status":"open","sticky":false,"template":"","format":"standard","meta":{"_et_pb_use_builder":"","_et_pb_old_content":"","_et_gb_content_width":""},"categories":[1],"tags":[],"_links":{"self":[{"href":"https:\/\/fabijennas-seeleninsel.de\/wordpress\/wp-json\/wp\/v2\/posts\/4071"}],"collection":[{"href":"https:\/\/fabijennas-seeleninsel.de\/wordpress\/wp-json\/wp\/v2\/posts"}],"about":[{"href":"https:\/\/fabijennas-seeleninsel.de\/wordpress\/wp-json\/wp\/v2\/types\/post"}],"author":[{"embeddable":true,"href":"https:\/\/fabijennas-seeleninsel.de\/wordpress\/wp-json\/wp\/v2\/users\/3"}],"replies":[{"embeddable":true,"href":"https:\/\/fabijennas-seeleninsel.de\/wordpress\/wp-json\/wp\/v2\/comments?post=4071"}],"version-history":[{"count":1,"href":"https:\/\/fabijennas-seeleninsel.de\/wordpress\/wp-json\/wp\/v2\/posts\/4071\/revisions"}],"predecessor-version":[{"id":4073,"href":"https:\/\/fabijennas-seeleninsel.de\/wordpress\/wp-json\/wp\/v2\/posts\/4071\/revisions\/4073"}],"wp:featuredmedia":[{"embeddable":true,"href":"https:\/\/fabijennas-seeleninsel.de\/wordpress\/wp-json\/wp\/v2\/media\/4072"}],"wp:attachment":[{"href":"https:\/\/fabijennas-seeleninsel.de\/wordpress\/wp-json\/wp\/v2\/media?parent=4071"}],"wp:term":[{"taxonomy":"category","embeddable":true,"href":"https:\/\/fabijennas-seeleninsel.de\/wordpress\/wp-json\/wp\/v2\/categories?post=4071"},{"taxonomy":"post_tag","embeddable":true,"href":"https:\/\/fabijennas-seeleninsel.de\/wordpress\/wp-json\/wp\/v2\/tags?post=4071"}],"curies":[{"name":"wp","href":"https:\/\/api.w.org\/{rel}","templated":true}]}}