{"id":4081,"date":"2017-08-05T09:21:15","date_gmt":"2017-08-05T07:21:15","guid":{"rendered":"https:\/\/fabijennas-seeleninsel.de\/wordpress\/?p=4081"},"modified":"2017-08-05T09:21:15","modified_gmt":"2017-08-05T07:21:15","slug":"auftragsarbeit-2","status":"publish","type":"post","link":"https:\/\/fabijennas-seeleninsel.de\/wordpress\/auftragsarbeit-2\/","title":{"rendered":"Auftragsarbeit"},"content":{"rendered":"<p>Auftragsarbeit: Das Seelenbild ist vollbracht <span class=\"_5mfr _47e3\"><img loading=\"lazy\" class=\"img\" src=\"https:\/\/static.xx.fbcdn.net\/images\/emoji.php\/v9\/f6c\/1\/16\/2764.png\" alt=\"\" width=\"16\" height=\"16\" \/><span class=\"_7oe\">\u2764\ufe0f<\/span><\/span><span class=\"_5mfr _47e3\"><img loading=\"lazy\" class=\"img\" src=\"https:\/\/static.xx.fbcdn.net\/images\/emoji.php\/v9\/fac\/1\/16\/2665.png\" alt=\"\" width=\"16\" height=\"16\" \/><span class=\"_7oe\">\u2665\ufe0f<\/span><\/span><span class=\"_5mfr _47e3\"><img loading=\"lazy\" class=\"img\" src=\"https:\/\/static.xx.fbcdn.net\/images\/emoji.php\/v9\/f96\/1\/16\/1f49c.png\" alt=\"\" width=\"16\" height=\"16\" \/><span class=\"_7oe\">?<\/span><\/span><\/p>\n<p>Wie in der Raupe der k\u00fcnftige Schmetterling steckt, so ist die Menschengestalt die Vorform und Vorausk\u00fcndigung eines h\u00f6heren Menschseins, das in jedem von uns angelegt ist und auf seine Entfaltung wartet.<br \/>\nFRANZ CARL ENDRES<\/p>\n<p>&nbsp;<\/p>\n<p><a href=\"https:\/\/fabijennas-seeleninsel.de\/wordpress\/wp-content\/uploads\/2017\/08\/20621169_1453636621381967_33082324061624587_n.jpg\"><img loading=\"lazy\" class=\"alignnone size-medium wp-image-4082\" src=\"https:\/\/fabijennas-seeleninsel.de\/wordpress\/wp-content\/uploads\/2017\/08\/20621169_1453636621381967_33082324061624587_n-640x473.jpg\" alt=\"20621169_1453636621381967_33082324061624587_n\" width=\"640\" height=\"473\" data-wp-pid=\"4082\" srcset=\"https:\/\/fabijennas-seeleninsel.de\/wordpress\/wp-content\/uploads\/2017\/08\/20621169_1453636621381967_33082324061624587_n-640x473.jpg 640w, https:\/\/fabijennas-seeleninsel.de\/wordpress\/wp-content\/uploads\/2017\/08\/20621169_1453636621381967_33082324061624587_n-800x592.jpg 800w, https:\/\/fabijennas-seeleninsel.de\/wordpress\/wp-content\/uploads\/2017\/08\/20621169_1453636621381967_33082324061624587_n.jpg 960w\" sizes=\"(max-width: 640px) 100vw, 640px\" \/><\/a><\/p>\n","protected":false},"excerpt":{"rendered":"<p>Auftragsarbeit: Das Seelenbild ist vollbracht \u2764\ufe0f\u2665\ufe0f? Wie in der Raupe der k\u00fcnftige Schmetterling steckt, so ist die Menschengestalt die Vorform und Vorausk\u00fcndigung eines h\u00f6heren Menschseins, das in jedem von uns angelegt ist und auf seine Entfaltung wartet. FRANZ CARL ENDRES &nbsp;<\/p>\n","protected":false},"author":3,"featured_media":4082,"comment_status":"closed","ping_status":"open","sticky":false,"template":"","format":"standard","meta":{"_et_pb_use_builder":"","_et_pb_old_content":"","_et_gb_content_width":""},"categories":[1],"tags":[],"_links":{"self":[{"href":"https:\/\/fabijennas-seeleninsel.de\/wordpress\/wp-json\/wp\/v2\/posts\/4081"}],"collection":[{"href":"https:\/\/fabijennas-seeleninsel.de\/wordpress\/wp-json\/wp\/v2\/posts"}],"about":[{"href":"https:\/\/fabijennas-seeleninsel.de\/wordpress\/wp-json\/wp\/v2\/types\/post"}],"author":[{"embeddable":true,"href":"https:\/\/fabijennas-seeleninsel.de\/wordpress\/wp-json\/wp\/v2\/users\/3"}],"replies":[{"embeddable":true,"href":"https:\/\/fabijennas-seeleninsel.de\/wordpress\/wp-json\/wp\/v2\/comments?post=4081"}],"version-history":[{"count":1,"href":"https:\/\/fabijennas-seeleninsel.de\/wordpress\/wp-json\/wp\/v2\/posts\/4081\/revisions"}],"predecessor-version":[{"id":4083,"href":"https:\/\/fabijennas-seeleninsel.de\/wordpress\/wp-json\/wp\/v2\/posts\/4081\/revisions\/4083"}],"wp:featuredmedia":[{"embeddable":true,"href":"https:\/\/fabijennas-seeleninsel.de\/wordpress\/wp-json\/wp\/v2\/media\/4082"}],"wp:attachment":[{"href":"https:\/\/fabijennas-seeleninsel.de\/wordpress\/wp-json\/wp\/v2\/media?parent=4081"}],"wp:term":[{"taxonomy":"category","embeddable":true,"href":"https:\/\/fabijennas-seeleninsel.de\/wordpress\/wp-json\/wp\/v2\/categories?post=4081"},{"taxonomy":"post_tag","embeddable":true,"href":"https:\/\/fabijennas-seeleninsel.de\/wordpress\/wp-json\/wp\/v2\/tags?post=4081"}],"curies":[{"name":"wp","href":"https:\/\/api.w.org\/{rel}","templated":true}]}}