{"id":4108,"date":"2017-08-16T07:32:38","date_gmt":"2017-08-16T05:32:38","guid":{"rendered":"https:\/\/fabijennas-seeleninsel.de\/wordpress\/?p=4108"},"modified":"2017-08-16T07:32:38","modified_gmt":"2017-08-16T05:32:38","slug":"feder-der-leichtigkeit","status":"publish","type":"post","link":"https:\/\/fabijennas-seeleninsel.de\/wordpress\/feder-der-leichtigkeit\/","title":{"rendered":"Feder der Leichtigkeit"},"content":{"rendered":"<p>Heilbild: Feder der Leichtigkeit<\/p>\n<p>Aus jeder Situation die wir in Heilung gebracht haben, w\u00e4chst uns eine wundersch\u00f6ne neue Feder auf unseren unsichtbaren Fl\u00fcgel.<br \/>\nJede dieser neuen Federn die auf deinen unsichtbaren Fl\u00fcgel dazu kommt, erhebt dich immer mehr zur Leichtigkeit.<\/p>\n<div class=\"text_exposed_show\">\n<p>Bild Gr\u00f6\u00dfe: Durchmesser 30 cm<\/p>\n<p>Danke an die Engelbegleitung.<br \/>\nWenn dich diese Feder ruft, da du gerade eine Heilung an dir erfahren hast und du es m\u00f6chtest das diese Feder dein zu Hause schm\u00fcckt als Zeichen f\u00fcr die neue Leichtigkeit und Freude, schreibe mir eine Email \u00a0Nachricht.<br \/>\nEnergieausgleich: 60 Euro+Versand<\/p>\n<p>Namaste <span class=\"_5mfr _47e3\"><img loading=\"lazy\" class=\"img\" src=\"https:\/\/static.xx.fbcdn.net\/images\/emoji.php\/v9\/f6c\/1\/16\/2764.png\" alt=\"\" width=\"16\" height=\"16\" \/><span class=\"_7oe\">\u2764\ufe0f<\/span><\/span><br \/>\nHana Fabijenna<\/p>\n<\/div>\n<p><a href=\"https:\/\/fabijennas-seeleninsel.de\/wordpress\/wp-content\/uploads\/2017\/08\/20800326_1463082280437401_223337893361141733_n.jpg\"><img loading=\"lazy\" class=\"alignnone size-medium wp-image-4109\" src=\"https:\/\/fabijennas-seeleninsel.de\/wordpress\/wp-content\/uploads\/2017\/08\/20800326_1463082280437401_223337893361141733_n-640x480.jpg\" alt=\"20800326_1463082280437401_223337893361141733_n\" width=\"640\" height=\"480\" data-wp-pid=\"4109\" srcset=\"https:\/\/fabijennas-seeleninsel.de\/wordpress\/wp-content\/uploads\/2017\/08\/20800326_1463082280437401_223337893361141733_n-640x480.jpg 640w, https:\/\/fabijennas-seeleninsel.de\/wordpress\/wp-content\/uploads\/2017\/08\/20800326_1463082280437401_223337893361141733_n-800x600.jpg 800w, https:\/\/fabijennas-seeleninsel.de\/wordpress\/wp-content\/uploads\/2017\/08\/20800326_1463082280437401_223337893361141733_n.jpg 960w\" sizes=\"(max-width: 640px) 100vw, 640px\" \/><\/a><\/p>\n","protected":false},"excerpt":{"rendered":"<p>Heilbild: Feder der Leichtigkeit Aus jeder Situation die wir in Heilung gebracht haben, w\u00e4chst uns eine wundersch\u00f6ne neue Feder auf unseren unsichtbaren Fl\u00fcgel. Jede dieser neuen Federn die auf deinen unsichtbaren Fl\u00fcgel dazu kommt, erhebt dich immer mehr zur Leichtigkeit. Bild Gr\u00f6\u00dfe: Durchmesser 30 cm Danke an die Engelbegleitung. Wenn dich diese Feder ruft, da [&hellip;]<\/p>\n","protected":false},"author":3,"featured_media":4109,"comment_status":"closed","ping_status":"open","sticky":false,"template":"","format":"standard","meta":{"_et_pb_use_builder":"","_et_pb_old_content":"","_et_gb_content_width":""},"categories":[6],"tags":[],"_links":{"self":[{"href":"https:\/\/fabijennas-seeleninsel.de\/wordpress\/wp-json\/wp\/v2\/posts\/4108"}],"collection":[{"href":"https:\/\/fabijennas-seeleninsel.de\/wordpress\/wp-json\/wp\/v2\/posts"}],"about":[{"href":"https:\/\/fabijennas-seeleninsel.de\/wordpress\/wp-json\/wp\/v2\/types\/post"}],"author":[{"embeddable":true,"href":"https:\/\/fabijennas-seeleninsel.de\/wordpress\/wp-json\/wp\/v2\/users\/3"}],"replies":[{"embeddable":true,"href":"https:\/\/fabijennas-seeleninsel.de\/wordpress\/wp-json\/wp\/v2\/comments?post=4108"}],"version-history":[{"count":1,"href":"https:\/\/fabijennas-seeleninsel.de\/wordpress\/wp-json\/wp\/v2\/posts\/4108\/revisions"}],"predecessor-version":[{"id":4110,"href":"https:\/\/fabijennas-seeleninsel.de\/wordpress\/wp-json\/wp\/v2\/posts\/4108\/revisions\/4110"}],"wp:featuredmedia":[{"embeddable":true,"href":"https:\/\/fabijennas-seeleninsel.de\/wordpress\/wp-json\/wp\/v2\/media\/4109"}],"wp:attachment":[{"href":"https:\/\/fabijennas-seeleninsel.de\/wordpress\/wp-json\/wp\/v2\/media?parent=4108"}],"wp:term":[{"taxonomy":"category","embeddable":true,"href":"https:\/\/fabijennas-seeleninsel.de\/wordpress\/wp-json\/wp\/v2\/categories?post=4108"},{"taxonomy":"post_tag","embeddable":true,"href":"https:\/\/fabijennas-seeleninsel.de\/wordpress\/wp-json\/wp\/v2\/tags?post=4108"}],"curies":[{"name":"wp","href":"https:\/\/api.w.org\/{rel}","templated":true}]}}