{"id":4114,"date":"2017-08-16T07:37:17","date_gmt":"2017-08-16T05:37:17","guid":{"rendered":"https:\/\/fabijennas-seeleninsel.de\/wordpress\/?p=4114"},"modified":"2017-08-16T07:37:17","modified_gmt":"2017-08-16T05:37:17","slug":"keckere-tomatensuppe","status":"publish","type":"post","link":"https:\/\/fabijennas-seeleninsel.de\/wordpress\/keckere-tomatensuppe\/","title":{"rendered":"Keckere Tomatensuppe&#8230;."},"content":{"rendered":"<p>Aus meiner kreative K\u00fcche. <span class=\"_47e3 _5mfr\" title=\"\u201esmile\u201c-Emoticon\"><img loading=\"lazy\" class=\"img\" src=\"https:\/\/static.xx.fbcdn.net\/images\/emoji.php\/v9\/f4c\/1\/16\/1f642.png\" alt=\"\" width=\"16\" height=\"16\" \/><span class=\"_7oe\">\ud83d\ude42<\/span><\/span><\/p>\n<p>Leckere Tomatensuppe mit Semmelkn\u00f6del-W\u00fcrfel vom Vortag <span class=\"_5mfr _47e3\"><img loading=\"lazy\" class=\"img\" src=\"https:\/\/static.xx.fbcdn.net\/images\/emoji.php\/v9\/f2\/1\/16\/1f60d.png\" alt=\"\" width=\"16\" height=\"16\" \/><span class=\"_7oe\">?<\/span><\/span>( Vegan)<\/p>\n<p>3 EL Oliven\u00f6l <span class=\"text_exposed_show\"><br \/>\n1 Zwiebel ( kleine W\u00fcrfel schneiden)<br \/>\n2 Knoblauchzehen ( grob hacken)<br \/>\n1 kg reifen Tomaten ( St\u00fccke schneiden)<br \/>\n1 EL Frischen Oregano ( Hacken)<br \/>\n1 EL Frischen Basilikum ( hacken)<br \/>\n1\/2 rote Chilischote ( entkernen, klein hacken)<br \/>\n750 ml kr\u00e4ftige Gem\u00fcsebr\u00fche<br \/>\nSalz,Pfeffer <\/span><\/p>\n<div class=\"text_exposed_show\">\n<p>\u00d6l und Zwiebel erhitzen, Knoblauch anbraten<br \/>\nTomaten, Oregano , Basilikum dazu geben ca. 35 min k\u00f6cheln.<br \/>\nNachher die Gem\u00fcsebr\u00fche dazu geben und noch 10 min leicht k\u00f6cheln, Salzen, pfeffern und p\u00fcrieren.<\/p>\n<p>Semmelkn\u00f6del vom Vortag in kleinen W\u00fcrfel schneiden. Oliven\u00f6l in eine Pfanne erhitzen und die Kn\u00f6delw\u00fcrfel anbraten. Mit Salz, frisch gemahlenen Pfeffer abschmecken<\/p>\n<p>Suppe mit Kn\u00f6delw\u00fcrfeln und Basilikum servieren mit Avocado\u00f6l betr\u00e4ufeln<br \/>\nGuten Appetit<\/p>\n<p>Das Rezept f\u00fcr die Kn\u00f6del findest du auch auf meine Facebook-Seite Fabijennas Seelenk\u00fcche<br \/>\noder auf meiner Homepage<\/p>\n<\/div>\n<p><a href=\"https:\/\/fabijennas-seeleninsel.de\/wordpress\/wp-content\/uploads\/2017\/08\/20776728_499995733669849_967162808263152351_o.jpg\"><img loading=\"lazy\" class=\"alignnone size-medium wp-image-4115\" src=\"https:\/\/fabijennas-seeleninsel.de\/wordpress\/wp-content\/uploads\/2017\/08\/20776728_499995733669849_967162808263152351_o-640x427.jpg\" alt=\"20776728_499995733669849_967162808263152351_o\" width=\"640\" height=\"427\" data-wp-pid=\"4115\" srcset=\"https:\/\/fabijennas-seeleninsel.de\/wordpress\/wp-content\/uploads\/2017\/08\/20776728_499995733669849_967162808263152351_o-640x427.jpg 640w, https:\/\/fabijennas-seeleninsel.de\/wordpress\/wp-content\/uploads\/2017\/08\/20776728_499995733669849_967162808263152351_o-1024x683.jpg 1024w, https:\/\/fabijennas-seeleninsel.de\/wordpress\/wp-content\/uploads\/2017\/08\/20776728_499995733669849_967162808263152351_o-140x94.jpg 140w, https:\/\/fabijennas-seeleninsel.de\/wordpress\/wp-content\/uploads\/2017\/08\/20776728_499995733669849_967162808263152351_o-800x533.jpg 800w, https:\/\/fabijennas-seeleninsel.de\/wordpress\/wp-content\/uploads\/2017\/08\/20776728_499995733669849_967162808263152351_o.jpg 2048w\" sizes=\"(max-width: 640px) 100vw, 640px\" \/><\/a><\/p>\n","protected":false},"excerpt":{"rendered":"<p>Aus meiner kreative K\u00fcche. \ud83d\ude42 Leckere Tomatensuppe mit Semmelkn\u00f6del-W\u00fcrfel vom Vortag ?( Vegan) 3 EL Oliven\u00f6l 1 Zwiebel ( kleine W\u00fcrfel schneiden) 2 Knoblauchzehen ( grob hacken) 1 kg reifen Tomaten ( St\u00fccke schneiden) 1 EL Frischen Oregano ( Hacken) 1 EL Frischen Basilikum ( hacken) 1\/2 rote Chilischote ( entkernen, klein hacken) 750 ml [&hellip;]<\/p>\n","protected":false},"author":3,"featured_media":4115,"comment_status":"closed","ping_status":"open","sticky":false,"template":"","format":"standard","meta":{"_et_pb_use_builder":"","_et_pb_old_content":"","_et_gb_content_width":""},"categories":[1],"tags":[],"_links":{"self":[{"href":"https:\/\/fabijennas-seeleninsel.de\/wordpress\/wp-json\/wp\/v2\/posts\/4114"}],"collection":[{"href":"https:\/\/fabijennas-seeleninsel.de\/wordpress\/wp-json\/wp\/v2\/posts"}],"about":[{"href":"https:\/\/fabijennas-seeleninsel.de\/wordpress\/wp-json\/wp\/v2\/types\/post"}],"author":[{"embeddable":true,"href":"https:\/\/fabijennas-seeleninsel.de\/wordpress\/wp-json\/wp\/v2\/users\/3"}],"replies":[{"embeddable":true,"href":"https:\/\/fabijennas-seeleninsel.de\/wordpress\/wp-json\/wp\/v2\/comments?post=4114"}],"version-history":[{"count":1,"href":"https:\/\/fabijennas-seeleninsel.de\/wordpress\/wp-json\/wp\/v2\/posts\/4114\/revisions"}],"predecessor-version":[{"id":4116,"href":"https:\/\/fabijennas-seeleninsel.de\/wordpress\/wp-json\/wp\/v2\/posts\/4114\/revisions\/4116"}],"wp:featuredmedia":[{"embeddable":true,"href":"https:\/\/fabijennas-seeleninsel.de\/wordpress\/wp-json\/wp\/v2\/media\/4115"}],"wp:attachment":[{"href":"https:\/\/fabijennas-seeleninsel.de\/wordpress\/wp-json\/wp\/v2\/media?parent=4114"}],"wp:term":[{"taxonomy":"category","embeddable":true,"href":"https:\/\/fabijennas-seeleninsel.de\/wordpress\/wp-json\/wp\/v2\/categories?post=4114"},{"taxonomy":"post_tag","embeddable":true,"href":"https:\/\/fabijennas-seeleninsel.de\/wordpress\/wp-json\/wp\/v2\/tags?post=4114"}],"curies":[{"name":"wp","href":"https:\/\/api.w.org\/{rel}","templated":true}]}}