{"id":4139,"date":"2017-09-07T19:56:14","date_gmt":"2017-09-07T17:56:14","guid":{"rendered":"https:\/\/fabijennas-seeleninsel.de\/wordpress\/?p=4139"},"modified":"2017-09-07T19:56:14","modified_gmt":"2017-09-07T17:56:14","slug":"aussteluung","status":"publish","type":"post","link":"https:\/\/fabijennas-seeleninsel.de\/wordpress\/aussteluung\/","title":{"rendered":"Aussteluung"},"content":{"rendered":"<p>Unbegrenzte Ausstellung und Verkauf meiner Bilder im Ristorante Capriccio in Waldkraiburg 84478<br \/>\nIch freue mich sehr das meine Bilder in diesem hervorragenden Speiselokal, mit einem sehr sch\u00f6nen Ambiente, h\u00e4ngen d\u00fcrfen. Danke an den Besitzer und hervorragendem Koch Daniel Vlaicu<\/p>\n<p><a href=\"https:\/\/fabijennas-seeleninsel.de\/wordpress\/wp-content\/uploads\/2017\/09\/21317711_1829187967095311_1811006140377024053_n.jpg\"><img loading=\"lazy\" class=\"alignnone size-medium wp-image-4140\" src=\"https:\/\/fabijennas-seeleninsel.de\/wordpress\/wp-content\/uploads\/2017\/09\/21317711_1829187967095311_1811006140377024053_n-270x480.jpg\" alt=\"21317711_1829187967095311_1811006140377024053_n\" width=\"270\" height=\"480\" data-wp-pid=\"4140\" srcset=\"https:\/\/fabijennas-seeleninsel.de\/wordpress\/wp-content\/uploads\/2017\/09\/21317711_1829187967095311_1811006140377024053_n-270x480.jpg 270w, https:\/\/fabijennas-seeleninsel.de\/wordpress\/wp-content\/uploads\/2017\/09\/21317711_1829187967095311_1811006140377024053_n-450x800.jpg 450w, https:\/\/fabijennas-seeleninsel.de\/wordpress\/wp-content\/uploads\/2017\/09\/21317711_1829187967095311_1811006140377024053_n.jpg 540w\" sizes=\"(max-width: 270px) 100vw, 270px\" \/><\/a> <a href=\"https:\/\/fabijennas-seeleninsel.de\/wordpress\/wp-content\/uploads\/2017\/09\/21317807_1829187707095337_6838932024339178659_n.jpg\"><img loading=\"lazy\" class=\"alignnone size-medium wp-image-4141\" src=\"https:\/\/fabijennas-seeleninsel.de\/wordpress\/wp-content\/uploads\/2017\/09\/21317807_1829187707095337_6838932024339178659_n-360x480.jpg\" alt=\"21317807_1829187707095337_6838932024339178659_n\" width=\"360\" height=\"480\" data-wp-pid=\"4141\" srcset=\"https:\/\/fabijennas-seeleninsel.de\/wordpress\/wp-content\/uploads\/2017\/09\/21317807_1829187707095337_6838932024339178659_n-360x480.jpg 360w, https:\/\/fabijennas-seeleninsel.de\/wordpress\/wp-content\/uploads\/2017\/09\/21317807_1829187707095337_6838932024339178659_n-600x800.jpg 600w, https:\/\/fabijennas-seeleninsel.de\/wordpress\/wp-content\/uploads\/2017\/09\/21317807_1829187707095337_6838932024339178659_n.jpg 720w\" sizes=\"(max-width: 360px) 100vw, 360px\" \/><\/a> <a href=\"https:\/\/fabijennas-seeleninsel.de\/wordpress\/wp-content\/uploads\/2017\/09\/21432948_1829187897095318_1566249491284999044_n.jpg\"><img loading=\"lazy\" class=\"alignnone size-medium wp-image-4142\" src=\"https:\/\/fabijennas-seeleninsel.de\/wordpress\/wp-content\/uploads\/2017\/09\/21432948_1829187897095318_1566249491284999044_n-640x480.jpg\" alt=\"21432948_1829187897095318_1566249491284999044_n\" width=\"640\" height=\"480\" data-wp-pid=\"4142\" srcset=\"https:\/\/fabijennas-seeleninsel.de\/wordpress\/wp-content\/uploads\/2017\/09\/21432948_1829187897095318_1566249491284999044_n-640x480.jpg 640w, https:\/\/fabijennas-seeleninsel.de\/wordpress\/wp-content\/uploads\/2017\/09\/21432948_1829187897095318_1566249491284999044_n-800x600.jpg 800w, https:\/\/fabijennas-seeleninsel.de\/wordpress\/wp-content\/uploads\/2017\/09\/21432948_1829187897095318_1566249491284999044_n.jpg 960w\" sizes=\"(max-width: 640px) 100vw, 640px\" \/><\/a> <a href=\"https:\/\/fabijennas-seeleninsel.de\/wordpress\/wp-content\/uploads\/2017\/09\/21433098_1829187777095330_3023755169808479774_n.jpg\"><img loading=\"lazy\" class=\"alignnone size-medium wp-image-4143\" src=\"https:\/\/fabijennas-seeleninsel.de\/wordpress\/wp-content\/uploads\/2017\/09\/21433098_1829187777095330_3023755169808479774_n-360x480.jpg\" alt=\"21433098_1829187777095330_3023755169808479774_n\" width=\"360\" height=\"480\" data-wp-pid=\"4143\" srcset=\"https:\/\/fabijennas-seeleninsel.de\/wordpress\/wp-content\/uploads\/2017\/09\/21433098_1829187777095330_3023755169808479774_n-360x480.jpg 360w, https:\/\/fabijennas-seeleninsel.de\/wordpress\/wp-content\/uploads\/2017\/09\/21433098_1829187777095330_3023755169808479774_n-600x800.jpg 600w, https:\/\/fabijennas-seeleninsel.de\/wordpress\/wp-content\/uploads\/2017\/09\/21433098_1829187777095330_3023755169808479774_n.jpg 720w\" sizes=\"(max-width: 360px) 100vw, 360px\" \/><\/a><\/p>\n","protected":false},"excerpt":{"rendered":"<p>Unbegrenzte Ausstellung und Verkauf meiner Bilder im Ristorante Capriccio in Waldkraiburg 84478 Ich freue mich sehr das meine Bilder in diesem hervorragenden Speiselokal, mit einem sehr sch\u00f6nen Ambiente, h\u00e4ngen d\u00fcrfen. Danke an den Besitzer und hervorragendem Koch Daniel Vlaicu<\/p>\n","protected":false},"author":3,"featured_media":4140,"comment_status":"closed","ping_status":"open","sticky":false,"template":"","format":"standard","meta":{"_et_pb_use_builder":"","_et_pb_old_content":"","_et_gb_content_width":""},"categories":[1],"tags":[],"_links":{"self":[{"href":"https:\/\/fabijennas-seeleninsel.de\/wordpress\/wp-json\/wp\/v2\/posts\/4139"}],"collection":[{"href":"https:\/\/fabijennas-seeleninsel.de\/wordpress\/wp-json\/wp\/v2\/posts"}],"about":[{"href":"https:\/\/fabijennas-seeleninsel.de\/wordpress\/wp-json\/wp\/v2\/types\/post"}],"author":[{"embeddable":true,"href":"https:\/\/fabijennas-seeleninsel.de\/wordpress\/wp-json\/wp\/v2\/users\/3"}],"replies":[{"embeddable":true,"href":"https:\/\/fabijennas-seeleninsel.de\/wordpress\/wp-json\/wp\/v2\/comments?post=4139"}],"version-history":[{"count":1,"href":"https:\/\/fabijennas-seeleninsel.de\/wordpress\/wp-json\/wp\/v2\/posts\/4139\/revisions"}],"predecessor-version":[{"id":4144,"href":"https:\/\/fabijennas-seeleninsel.de\/wordpress\/wp-json\/wp\/v2\/posts\/4139\/revisions\/4144"}],"wp:featuredmedia":[{"embeddable":true,"href":"https:\/\/fabijennas-seeleninsel.de\/wordpress\/wp-json\/wp\/v2\/media\/4140"}],"wp:attachment":[{"href":"https:\/\/fabijennas-seeleninsel.de\/wordpress\/wp-json\/wp\/v2\/media?parent=4139"}],"wp:term":[{"taxonomy":"category","embeddable":true,"href":"https:\/\/fabijennas-seeleninsel.de\/wordpress\/wp-json\/wp\/v2\/categories?post=4139"},{"taxonomy":"post_tag","embeddable":true,"href":"https:\/\/fabijennas-seeleninsel.de\/wordpress\/wp-json\/wp\/v2\/tags?post=4139"}],"curies":[{"name":"wp","href":"https:\/\/api.w.org\/{rel}","templated":true}]}}