{"id":4179,"date":"2017-10-02T14:02:12","date_gmt":"2017-10-02T12:02:12","guid":{"rendered":"https:\/\/fabijennas-seeleninsel.de\/wordpress\/?p=4179"},"modified":"2017-10-02T14:02:12","modified_gmt":"2017-10-02T12:02:12","slug":"workshop-fuer-kinder","status":"publish","type":"post","link":"https:\/\/fabijennas-seeleninsel.de\/wordpress\/workshop-fuer-kinder\/","title":{"rendered":"Workshop f\u00fcr Kinder"},"content":{"rendered":"<p>Ihr Lieben es ist wieder so weit,der n\u00e4chste Workshop mediales Kinder malen findet am Samstag den 07.10.2017 von 14.00 &#8211; 17.30 Uhr bei mir im Atelier statt.<br \/>\nIch lade Kinder zwischen 6-13 Jahren auf eine Reise voller Fantasie in eine bunte Welt ein.<br \/>\nAn diesem Tag werden wir einen Holzbalken mit einem Fantasieland bemalen. Vielleicht habt ihr schon vor ein paar Wochen meinen Holzbalken gesehen den ich f\u00fcr meinen Garten bemalt habe. Ich werde unter den Kommentaren ein Foto posten wie der Balken aussieht.<br \/>\nDer Holzbalken darf entweder aufgeh\u00e4ngt werden oder die Papis k\u00f6nnen einen Erdspie\u00df darauf montieren und die Balken in die Erde reinstecken. Der Holzbalken wird je nach Wunsch (Erdspiess oder Wandaufh\u00e4ngung)von <span class=\"text_exposed_show\">drei oder vier Seiten bemalt.<br \/>\nWir werden uns zun\u00e4chst bei einer Meditation entspannen und eine kleine Reise ins Fantasieland gedanklich unternehmen. Es werden keine Vorgaben get\u00e4tigt wie die Kinder malen m\u00fcssen, jedes Kind darf sich bei mir frei entfalten.<\/p>\n<p>Snacks, Obst und Getr\u00e4nke stehen bereit. Die Kinder m\u00fcssen nur Klamotten, die mit Farben beschmiert werden d\u00fcrfen mitbringen.<br \/>\nBitte eine Bastelschere mitbringen.Der Energieausgleich f\u00fcr diesen Workshop betr\u00e4gt 45.- Euro. Holzbalken , Farben Pinsel und alle Utensilien sind im Preis inbegriffen.<br \/>\nKursteilnehmer 10 Kinder<br \/>\nUm planen zu k\u00f6nnen werden nur feste Zusagen &#8211; Nimmt Teil,angenommen.<br \/>\nIch bitte um Verst\u00e4ndnis<\/span><\/p>\n<p>&nbsp;<\/p>\n<p><a href=\"https:\/\/fabijennas-seeleninsel.de\/wordpress\/wp-content\/uploads\/2017\/10\/21768299_1846146495399458_5985293481505184692_n.jpg\"><img loading=\"lazy\" class=\"alignnone size-medium wp-image-4180\" src=\"https:\/\/fabijennas-seeleninsel.de\/wordpress\/wp-content\/uploads\/2017\/10\/21768299_1846146495399458_5985293481505184692_n-638x480.jpg\" alt=\"21768299_1846146495399458_5985293481505184692_n\" width=\"638\" height=\"480\" data-wp-pid=\"4180\" srcset=\"https:\/\/fabijennas-seeleninsel.de\/wordpress\/wp-content\/uploads\/2017\/10\/21768299_1846146495399458_5985293481505184692_n-638x480.jpg 638w, https:\/\/fabijennas-seeleninsel.de\/wordpress\/wp-content\/uploads\/2017\/10\/21768299_1846146495399458_5985293481505184692_n.jpg 750w\" sizes=\"(max-width: 638px) 100vw, 638px\" \/><\/a><\/p>\n","protected":false},"excerpt":{"rendered":"<p>Ihr Lieben es ist wieder so weit,der n\u00e4chste Workshop mediales Kinder malen findet am Samstag den 07.10.2017 von 14.00 &#8211; 17.30 Uhr bei mir im Atelier statt. Ich lade Kinder zwischen 6-13 Jahren auf eine Reise voller Fantasie in eine bunte Welt ein. An diesem Tag werden wir einen Holzbalken mit einem Fantasieland bemalen. Vielleicht [&hellip;]<\/p>\n","protected":false},"author":3,"featured_media":4180,"comment_status":"closed","ping_status":"open","sticky":false,"template":"","format":"standard","meta":{"_et_pb_use_builder":"","_et_pb_old_content":"","_et_gb_content_width":""},"categories":[1],"tags":[],"_links":{"self":[{"href":"https:\/\/fabijennas-seeleninsel.de\/wordpress\/wp-json\/wp\/v2\/posts\/4179"}],"collection":[{"href":"https:\/\/fabijennas-seeleninsel.de\/wordpress\/wp-json\/wp\/v2\/posts"}],"about":[{"href":"https:\/\/fabijennas-seeleninsel.de\/wordpress\/wp-json\/wp\/v2\/types\/post"}],"author":[{"embeddable":true,"href":"https:\/\/fabijennas-seeleninsel.de\/wordpress\/wp-json\/wp\/v2\/users\/3"}],"replies":[{"embeddable":true,"href":"https:\/\/fabijennas-seeleninsel.de\/wordpress\/wp-json\/wp\/v2\/comments?post=4179"}],"version-history":[{"count":1,"href":"https:\/\/fabijennas-seeleninsel.de\/wordpress\/wp-json\/wp\/v2\/posts\/4179\/revisions"}],"predecessor-version":[{"id":4181,"href":"https:\/\/fabijennas-seeleninsel.de\/wordpress\/wp-json\/wp\/v2\/posts\/4179\/revisions\/4181"}],"wp:featuredmedia":[{"embeddable":true,"href":"https:\/\/fabijennas-seeleninsel.de\/wordpress\/wp-json\/wp\/v2\/media\/4180"}],"wp:attachment":[{"href":"https:\/\/fabijennas-seeleninsel.de\/wordpress\/wp-json\/wp\/v2\/media?parent=4179"}],"wp:term":[{"taxonomy":"category","embeddable":true,"href":"https:\/\/fabijennas-seeleninsel.de\/wordpress\/wp-json\/wp\/v2\/categories?post=4179"},{"taxonomy":"post_tag","embeddable":true,"href":"https:\/\/fabijennas-seeleninsel.de\/wordpress\/wp-json\/wp\/v2\/tags?post=4179"}],"curies":[{"name":"wp","href":"https:\/\/api.w.org\/{rel}","templated":true}]}}