{"id":496,"date":"2014-05-13T23:51:57","date_gmt":"2014-05-13T21:51:57","guid":{"rendered":"http:\/\/fabijennas-seeleninsel.de\/wordpress\/?p=496"},"modified":"2014-05-14T00:10:55","modified_gmt":"2014-05-13T22:10:55","slug":"schutzengelsteine-mutter-maria","status":"publish","type":"post","link":"https:\/\/fabijennas-seeleninsel.de\/wordpress\/schutzengelsteine-mutter-maria\/","title":{"rendered":"Schutzengelsteine: Mutter Maria"},"content":{"rendered":"<p><a href=\"http:\/\/fabijennas-seeleninsel.de\/wordpress\/wp-content\/uploads\/2014\/05\/10334433_650292825049688_7803539644675854345_n.jpg\"><img loading=\"lazy\" class=\"alignright size-full wp-image-497\" src=\"http:\/\/fabijennas-seeleninsel.de\/wordpress\/wp-content\/uploads\/2014\/05\/10334433_650292825049688_7803539644675854345_n.jpg\" alt=\"10334433_650292825049688_7803539644675854345_n\" width=\"720\" height=\"960\" data-wp-pid=\"497\" srcset=\"https:\/\/fabijennas-seeleninsel.de\/wordpress\/wp-content\/uploads\/2014\/05\/10334433_650292825049688_7803539644675854345_n.jpg 720w, https:\/\/fabijennas-seeleninsel.de\/wordpress\/wp-content\/uploads\/2014\/05\/10334433_650292825049688_7803539644675854345_n-360x480.jpg 360w, https:\/\/fabijennas-seeleninsel.de\/wordpress\/wp-content\/uploads\/2014\/05\/10334433_650292825049688_7803539644675854345_n-600x800.jpg 600w\" sizes=\"(max-width: 720px) 100vw, 720px\" \/><\/a>Ich m\u00f6chte euch gerne was zeigen. Sonntag bei einem Spaziergang um Steine zu suchen habe ich diesen Stein gefunden der vom ersten Moment die Statur von Mutter Maria gezeigt hat. Ich habe ihn gefunden gerade als ich f\u00fcr eine F\u00fchrung und Unterst\u00fctzung gebeten habe. Ich habe den Stein nach seinen Umrissen bemalt. Ich bin so voller Dankbarkeit. Die Mutter Maria ist unverk\u00e4uflich da ich zu ihr gef\u00fchrt worden bin. Dieser Stein ist f\u00fcr mich bestimmt. Ich wollte euch die Mutter Maria zeigen und damit sagen das wir st\u00e4ndig Zeichen und Antworten bekommen. Wir m\u00fcssen nur darauf achten.\u00a0<i class=\"_4-k1 img sp_yDPiW61Tb3e sx_31c0dd\"><\/i><i class=\"_4-k1 img sp_yDPiW61Tb3e sx_31c0dd\"><\/i><\/p>\n","protected":false},"excerpt":{"rendered":"<p>Ich m\u00f6chte euch gerne was zeigen. Sonntag bei einem Spaziergang um Steine zu suchen habe ich diesen Stein gefunden der vom ersten Moment die Statur von Mutter Maria gezeigt hat. Ich habe ihn gefunden gerade als ich f\u00fcr eine F\u00fchrung und Unterst\u00fctzung gebeten habe. Ich habe den Stein nach seinen Umrissen bemalt. Ich bin so [&hellip;]<\/p>\n","protected":false},"author":3,"featured_media":497,"comment_status":"closed","ping_status":"open","sticky":false,"template":"","format":"standard","meta":{"_et_pb_use_builder":"","_et_pb_old_content":"","_et_gb_content_width":""},"categories":[2,14],"tags":[],"_links":{"self":[{"href":"https:\/\/fabijennas-seeleninsel.de\/wordpress\/wp-json\/wp\/v2\/posts\/496"}],"collection":[{"href":"https:\/\/fabijennas-seeleninsel.de\/wordpress\/wp-json\/wp\/v2\/posts"}],"about":[{"href":"https:\/\/fabijennas-seeleninsel.de\/wordpress\/wp-json\/wp\/v2\/types\/post"}],"author":[{"embeddable":true,"href":"https:\/\/fabijennas-seeleninsel.de\/wordpress\/wp-json\/wp\/v2\/users\/3"}],"replies":[{"embeddable":true,"href":"https:\/\/fabijennas-seeleninsel.de\/wordpress\/wp-json\/wp\/v2\/comments?post=496"}],"version-history":[{"count":1,"href":"https:\/\/fabijennas-seeleninsel.de\/wordpress\/wp-json\/wp\/v2\/posts\/496\/revisions"}],"predecessor-version":[{"id":498,"href":"https:\/\/fabijennas-seeleninsel.de\/wordpress\/wp-json\/wp\/v2\/posts\/496\/revisions\/498"}],"wp:featuredmedia":[{"embeddable":true,"href":"https:\/\/fabijennas-seeleninsel.de\/wordpress\/wp-json\/wp\/v2\/media\/497"}],"wp:attachment":[{"href":"https:\/\/fabijennas-seeleninsel.de\/wordpress\/wp-json\/wp\/v2\/media?parent=496"}],"wp:term":[{"taxonomy":"category","embeddable":true,"href":"https:\/\/fabijennas-seeleninsel.de\/wordpress\/wp-json\/wp\/v2\/categories?post=496"},{"taxonomy":"post_tag","embeddable":true,"href":"https:\/\/fabijennas-seeleninsel.de\/wordpress\/wp-json\/wp\/v2\/tags?post=496"}],"curies":[{"name":"wp","href":"https:\/\/api.w.org\/{rel}","templated":true}]}}