{"id":545,"date":"2014-05-19T09:02:37","date_gmt":"2014-05-19T07:02:37","guid":{"rendered":"http:\/\/fabijennas-seeleninsel.de\/wordpress\/?p=545"},"modified":"2015-02-19T15:35:53","modified_gmt":"2015-02-19T13:35:53","slug":"seelenlicht","status":"publish","type":"post","link":"https:\/\/fabijennas-seeleninsel.de\/wordpress\/seelenlicht\/","title":{"rendered":"Seelenlicht"},"content":{"rendered":"<p>Lass dein Seelenlicht, der von deinen Engel getragen wird,<br \/>\nausdehnen und strahlen in die Welt. Es ist das Licht das jeder in sich tr\u00e4gt. Dein Licht kennt deine F\u00e4higkeiten und deinen Seelenplan.<br \/>\nDanke f\u00fcr die F\u00fchrung und Unterst\u00fctzung meiner Lieben Engeln.<br \/>\nBildgr\u00f6\u00dfe: 70cmx50cm<br \/>\nEnergieausgleich: 180 euro<a href=\"http:\/\/fabijennas-seeleninsel.de\/wordpress\/wp-content\/uploads\/2014\/05\/921032_471167172962255_671078830_o.jpg\"><img loading=\"lazy\" class=\"alignnone size-medium wp-image-546\" src=\"http:\/\/fabijennas-seeleninsel.de\/wordpress\/wp-content\/uploads\/2014\/05\/921032_471167172962255_671078830_o-300x225.jpg\" alt=\"921032_471167172962255_671078830_o\" width=\"300\" height=\"225\" \/><\/a><\/p>\n","protected":false},"excerpt":{"rendered":"<p>Lass dein Seelenlicht, der von deinen Engel getragen wird, ausdehnen und strahlen in die Welt. Es ist das Licht das jeder in sich tr\u00e4gt. Dein Licht kennt deine F\u00e4higkeiten und deinen Seelenplan. Danke f\u00fcr die F\u00fchrung und Unterst\u00fctzung meiner Lieben Engeln. Bildgr\u00f6\u00dfe: 70cmx50cm Energieausgleich: 180 euro<\/p>\n","protected":false},"author":3,"featured_media":546,"comment_status":"closed","ping_status":"open","sticky":false,"template":"","format":"standard","meta":{"_et_pb_use_builder":"","_et_pb_old_content":"","_et_gb_content_width":""},"categories":[12],"tags":[],"_links":{"self":[{"href":"https:\/\/fabijennas-seeleninsel.de\/wordpress\/wp-json\/wp\/v2\/posts\/545"}],"collection":[{"href":"https:\/\/fabijennas-seeleninsel.de\/wordpress\/wp-json\/wp\/v2\/posts"}],"about":[{"href":"https:\/\/fabijennas-seeleninsel.de\/wordpress\/wp-json\/wp\/v2\/types\/post"}],"author":[{"embeddable":true,"href":"https:\/\/fabijennas-seeleninsel.de\/wordpress\/wp-json\/wp\/v2\/users\/3"}],"replies":[{"embeddable":true,"href":"https:\/\/fabijennas-seeleninsel.de\/wordpress\/wp-json\/wp\/v2\/comments?post=545"}],"version-history":[{"count":1,"href":"https:\/\/fabijennas-seeleninsel.de\/wordpress\/wp-json\/wp\/v2\/posts\/545\/revisions"}],"predecessor-version":[{"id":547,"href":"https:\/\/fabijennas-seeleninsel.de\/wordpress\/wp-json\/wp\/v2\/posts\/545\/revisions\/547"}],"wp:featuredmedia":[{"embeddable":true,"href":"https:\/\/fabijennas-seeleninsel.de\/wordpress\/wp-json\/wp\/v2\/media\/546"}],"wp:attachment":[{"href":"https:\/\/fabijennas-seeleninsel.de\/wordpress\/wp-json\/wp\/v2\/media?parent=545"}],"wp:term":[{"taxonomy":"category","embeddable":true,"href":"https:\/\/fabijennas-seeleninsel.de\/wordpress\/wp-json\/wp\/v2\/categories?post=545"},{"taxonomy":"post_tag","embeddable":true,"href":"https:\/\/fabijennas-seeleninsel.de\/wordpress\/wp-json\/wp\/v2\/tags?post=545"}],"curies":[{"name":"wp","href":"https:\/\/api.w.org\/{rel}","templated":true}]}}