{"id":567,"date":"2014-05-19T12:20:59","date_gmt":"2014-05-19T10:20:59","guid":{"rendered":"http:\/\/fabijennas-seeleninsel.de\/wordpress\/?p=567"},"modified":"2016-08-20T11:21:07","modified_gmt":"2016-08-20T09:21:07","slug":"universum-des-ueberflusses","status":"publish","type":"post","link":"https:\/\/fabijennas-seeleninsel.de\/wordpress\/universum-des-ueberflusses\/","title":{"rendered":"Universum des \u00dcberflusses"},"content":{"rendered":"<p>Universumbild : Universum des \u00dcberflusses.<br \/>\nDas Universum ist voller \u00dcberfluss. Du bist mit der grenzenlosen F\u00fclle des Universum verbunden. Strecke die H\u00e4nde nach vorne und sage dir ich bin es mir Wert in F\u00fclle und Wohlstand zu leben. F\u00fcr mich ist in jeder Situation gesorgt.<br \/>\nDas Universum ist unersch\u00f6pflich. Es gibt f\u00fcr jeden genug. Wenn wir es uns bewusst machen das Erfolg und F\u00fclle ein normaler Zustand sind, werden wir in Fluss kommen und das Universum \u00fcbersch\u00fcttet uns mit Geschenken. \u00d6ffne dein Herz und vertraue.<br \/>\nBildgr\u00f6\u00dfe: 80cmx80cm<br \/>\nPreis auf Anfrage<br \/>\nMaterial: Keilrahmen, Modelierpaste, Acrylfarben, Glitzer, Bergkristallsplitter.<\/p>\n<p>&nbsp;<\/p>\n<p>IST BEREITS VERGEBEN<\/p>\n<p><a href=\"http:\/\/fabijennas-seeleninsel.de\/wordpress\/wp-content\/uploads\/2014\/05\/DSCI1174.jpg\"><img loading=\"lazy\" class=\"alignnone size-medium wp-image-568\" src=\"http:\/\/fabijennas-seeleninsel.de\/wordpress\/wp-content\/uploads\/2014\/05\/DSCI1174-300x264.jpg\" alt=\"DSCI1174\" width=\"300\" height=\"264\" \/><\/a> <a href=\"http:\/\/fabijennas-seeleninsel.de\/wordpress\/wp-content\/uploads\/2014\/05\/IMG_8382.jpg\"><img loading=\"lazy\" class=\"alignnone size-medium wp-image-569\" src=\"http:\/\/fabijennas-seeleninsel.de\/wordpress\/wp-content\/uploads\/2014\/05\/IMG_8382-300x225.jpg\" alt=\"IMG_8382\" width=\"300\" height=\"225\" \/><\/a> <a href=\"http:\/\/fabijennas-seeleninsel.de\/wordpress\/wp-content\/uploads\/2014\/05\/DSCI1151.jpg\"><img loading=\"lazy\" class=\"alignnone size-medium wp-image-570\" src=\"http:\/\/fabijennas-seeleninsel.de\/wordpress\/wp-content\/uploads\/2014\/05\/DSCI1151-300x225.jpg\" alt=\"DSCI1151\" width=\"300\" height=\"225\" \/><\/a><\/p>\n","protected":false},"excerpt":{"rendered":"<p>Universumbild : Universum des \u00dcberflusses. Das Universum ist voller \u00dcberfluss. Du bist mit der grenzenlosen F\u00fclle des Universum verbunden. Strecke die H\u00e4nde nach vorne und sage dir ich bin es mir Wert in F\u00fclle und Wohlstand zu leben. F\u00fcr mich ist in jeder Situation gesorgt. Das Universum ist unersch\u00f6pflich. Es gibt f\u00fcr jeden genug. Wenn [&hellip;]<\/p>\n","protected":false},"author":3,"featured_media":568,"comment_status":"closed","ping_status":"open","sticky":false,"template":"","format":"standard","meta":{"_et_pb_use_builder":"","_et_pb_old_content":"","_et_gb_content_width":""},"categories":[13],"tags":[],"_links":{"self":[{"href":"https:\/\/fabijennas-seeleninsel.de\/wordpress\/wp-json\/wp\/v2\/posts\/567"}],"collection":[{"href":"https:\/\/fabijennas-seeleninsel.de\/wordpress\/wp-json\/wp\/v2\/posts"}],"about":[{"href":"https:\/\/fabijennas-seeleninsel.de\/wordpress\/wp-json\/wp\/v2\/types\/post"}],"author":[{"embeddable":true,"href":"https:\/\/fabijennas-seeleninsel.de\/wordpress\/wp-json\/wp\/v2\/users\/3"}],"replies":[{"embeddable":true,"href":"https:\/\/fabijennas-seeleninsel.de\/wordpress\/wp-json\/wp\/v2\/comments?post=567"}],"version-history":[{"count":2,"href":"https:\/\/fabijennas-seeleninsel.de\/wordpress\/wp-json\/wp\/v2\/posts\/567\/revisions"}],"predecessor-version":[{"id":3045,"href":"https:\/\/fabijennas-seeleninsel.de\/wordpress\/wp-json\/wp\/v2\/posts\/567\/revisions\/3045"}],"wp:featuredmedia":[{"embeddable":true,"href":"https:\/\/fabijennas-seeleninsel.de\/wordpress\/wp-json\/wp\/v2\/media\/568"}],"wp:attachment":[{"href":"https:\/\/fabijennas-seeleninsel.de\/wordpress\/wp-json\/wp\/v2\/media?parent=567"}],"wp:term":[{"taxonomy":"category","embeddable":true,"href":"https:\/\/fabijennas-seeleninsel.de\/wordpress\/wp-json\/wp\/v2\/categories?post=567"},{"taxonomy":"post_tag","embeddable":true,"href":"https:\/\/fabijennas-seeleninsel.de\/wordpress\/wp-json\/wp\/v2\/tags?post=567"}],"curies":[{"name":"wp","href":"https:\/\/api.w.org\/{rel}","templated":true}]}}