{"id":584,"date":"2014-05-19T12:30:30","date_gmt":"2014-05-19T10:30:30","guid":{"rendered":"http:\/\/fabijennas-seeleninsel.de\/wordpress\/?p=584"},"modified":"2015-02-19T15:29:07","modified_gmt":"2015-02-19T13:29:07","slug":"die-liebesgoettin-mondgoettin-freya","status":"publish","type":"post","link":"https:\/\/fabijennas-seeleninsel.de\/wordpress\/die-liebesgoettin-mondgoettin-freya\/","title":{"rendered":"Die Liebesg\u00f6ttin( Mondg\u00f6ttin) Freya"},"content":{"rendered":"<p>Universumsbild: <a href=\"http:\/\/fabijennas-seeleninsel.de\/wordpress\/wp-content\/uploads\/2014\/05\/1513951_570988232980148_1888206966_n-2.jpg\"><img loading=\"lazy\" class=\"alignnone size-medium wp-image-585\" src=\"http:\/\/fabijennas-seeleninsel.de\/wordpress\/wp-content\/uploads\/2014\/05\/1513951_570988232980148_1888206966_n-2-300x294.jpg\" alt=\"1513951_570988232980148_1888206966_n-2\" width=\"300\" height=\"294\" \/><\/a> <a href=\"http:\/\/fabijennas-seeleninsel.de\/wordpress\/wp-content\/uploads\/2014\/05\/DSCI0040.jpg\"><img loading=\"lazy\" class=\"alignnone size-medium wp-image-586\" src=\"http:\/\/fabijennas-seeleninsel.de\/wordpress\/wp-content\/uploads\/2014\/05\/DSCI0040-300x225.jpg\" alt=\"DSCI0040\" width=\"300\" height=\"225\" \/><\/a> <a href=\"http:\/\/fabijennas-seeleninsel.de\/wordpress\/wp-content\/uploads\/2014\/05\/DSCI0055.jpg\"><img loading=\"lazy\" class=\"alignnone size-medium wp-image-587\" src=\"http:\/\/fabijennas-seeleninsel.de\/wordpress\/wp-content\/uploads\/2014\/05\/DSCI0055-300x225.jpg\" alt=\"DSCI0055\" width=\"300\" height=\"225\" \/><\/a>:<br \/>\nFreya Ist die sch\u00f6ne G\u00f6ttin der Fruchtbarkeit und des Fr\u00fchlings, des Gl\u00fccks und der Liebe Sie symbolisiert die weibliche Sichtweise von F\u00fclle.<br \/>\nErinnere dich an die Kraft die G\u00f6ttin in dir. Lebe und liebe die Liebe die in dir sprudelt und folge der Stimme deines Herzens. Sei wild, sei frei und wage das was du noch nie gemacht hast.<br \/>\nBild: 80cmx80cm<br \/>\nDieses Bild habe ich nach einen schamanische Reise gemalt( gegossen).<br \/>\nDas Gesicht auf dem Bild vom G\u00f6ttin Freya ist alleine entstanden ich habe es mit Blattgold umrahmt. Auf diesem Bild sind noch viele Engeln und andere Wesen zu sehen. Der der es mit dem Herzen sieht, erkennt es.<br \/>\nEnergieausgleich: 450 Euro<\/p>\n","protected":false},"excerpt":{"rendered":"<p>Universumsbild: : Freya Ist die sch\u00f6ne G\u00f6ttin der Fruchtbarkeit und des Fr\u00fchlings, des Gl\u00fccks und der Liebe Sie symbolisiert die weibliche Sichtweise von F\u00fclle. Erinnere dich an die Kraft die G\u00f6ttin in dir. Lebe und liebe die Liebe die in dir sprudelt und folge der Stimme deines Herzens. Sei wild, sei frei und wage das [&hellip;]<\/p>\n","protected":false},"author":3,"featured_media":585,"comment_status":"closed","ping_status":"open","sticky":false,"template":"","format":"standard","meta":{"_et_pb_use_builder":"","_et_pb_old_content":"","_et_gb_content_width":""},"categories":[13],"tags":[],"_links":{"self":[{"href":"https:\/\/fabijennas-seeleninsel.de\/wordpress\/wp-json\/wp\/v2\/posts\/584"}],"collection":[{"href":"https:\/\/fabijennas-seeleninsel.de\/wordpress\/wp-json\/wp\/v2\/posts"}],"about":[{"href":"https:\/\/fabijennas-seeleninsel.de\/wordpress\/wp-json\/wp\/v2\/types\/post"}],"author":[{"embeddable":true,"href":"https:\/\/fabijennas-seeleninsel.de\/wordpress\/wp-json\/wp\/v2\/users\/3"}],"replies":[{"embeddable":true,"href":"https:\/\/fabijennas-seeleninsel.de\/wordpress\/wp-json\/wp\/v2\/comments?post=584"}],"version-history":[{"count":1,"href":"https:\/\/fabijennas-seeleninsel.de\/wordpress\/wp-json\/wp\/v2\/posts\/584\/revisions"}],"predecessor-version":[{"id":588,"href":"https:\/\/fabijennas-seeleninsel.de\/wordpress\/wp-json\/wp\/v2\/posts\/584\/revisions\/588"}],"wp:featuredmedia":[{"embeddable":true,"href":"https:\/\/fabijennas-seeleninsel.de\/wordpress\/wp-json\/wp\/v2\/media\/585"}],"wp:attachment":[{"href":"https:\/\/fabijennas-seeleninsel.de\/wordpress\/wp-json\/wp\/v2\/media?parent=584"}],"wp:term":[{"taxonomy":"category","embeddable":true,"href":"https:\/\/fabijennas-seeleninsel.de\/wordpress\/wp-json\/wp\/v2\/categories?post=584"},{"taxonomy":"post_tag","embeddable":true,"href":"https:\/\/fabijennas-seeleninsel.de\/wordpress\/wp-json\/wp\/v2\/tags?post=584"}],"curies":[{"name":"wp","href":"https:\/\/api.w.org\/{rel}","templated":true}]}}