{"id":734,"date":"2014-05-31T21:19:13","date_gmt":"2014-05-31T19:19:13","guid":{"rendered":"http:\/\/fabijennas-seeleninsel.de\/wordpress\/?p=734"},"modified":"2015-02-19T15:03:09","modified_gmt":"2015-02-19T13:03:09","slug":"engel-des-inneres-kindes","status":"publish","type":"post","link":"https:\/\/fabijennas-seeleninsel.de\/wordpress\/engel-des-inneres-kindes\/","title":{"rendered":"Engel des inneres Kindes"},"content":{"rendered":"<p><a href=\"http:\/\/fabijennas-seeleninsel.de\/wordpress\/wp-content\/uploads\/2014\/05\/10345839_657987324280238_7794414515906142854_n.jpg\"><img loading=\"lazy\" class=\"alignnone size-medium wp-image-735\" src=\"http:\/\/fabijennas-seeleninsel.de\/wordpress\/wp-content\/uploads\/2014\/05\/10345839_657987324280238_7794414515906142854_n-300x228.jpg\" alt=\"10345839_657987324280238_7794414515906142854_n\" width=\"300\" height=\"228\" \/><\/a><\/p>\n<p>Engelschutzstein: Engel des Inneres Kindes<br \/>\nBesch\u00fctze,ber\u00fchre, tr\u00f6ste dein inneres Kind das du in dir tr\u00e4gst. Nehme dein inners Kind auf deinen Scho\u00df, wiege ihm in deine Arme und sage ihm wie sehr du ihm liebst. Ber\u00fchre seine kleine H\u00e4nde, F\u00fc\u00dfe und sein liebes Gesicht. Das inneres Kind braucht dich, sei f\u00fcr ihm da.<br \/>\nIst bereits vergeben.<\/p>\n","protected":false},"excerpt":{"rendered":"<p>Engelschutzstein: Engel des Inneres Kindes Besch\u00fctze,ber\u00fchre, tr\u00f6ste dein inneres Kind das du in dir tr\u00e4gst. Nehme dein inners Kind auf deinen Scho\u00df, wiege ihm in deine Arme und sage ihm wie sehr du ihm liebst. Ber\u00fchre seine kleine H\u00e4nde, F\u00fc\u00dfe und sein liebes Gesicht. Das inneres Kind braucht dich, sei f\u00fcr ihm da. Ist bereits [&hellip;]<\/p>\n","protected":false},"author":3,"featured_media":735,"comment_status":"closed","ping_status":"open","sticky":false,"template":"","format":"standard","meta":{"_et_pb_use_builder":"","_et_pb_old_content":"","_et_gb_content_width":""},"categories":[14],"tags":[],"_links":{"self":[{"href":"https:\/\/fabijennas-seeleninsel.de\/wordpress\/wp-json\/wp\/v2\/posts\/734"}],"collection":[{"href":"https:\/\/fabijennas-seeleninsel.de\/wordpress\/wp-json\/wp\/v2\/posts"}],"about":[{"href":"https:\/\/fabijennas-seeleninsel.de\/wordpress\/wp-json\/wp\/v2\/types\/post"}],"author":[{"embeddable":true,"href":"https:\/\/fabijennas-seeleninsel.de\/wordpress\/wp-json\/wp\/v2\/users\/3"}],"replies":[{"embeddable":true,"href":"https:\/\/fabijennas-seeleninsel.de\/wordpress\/wp-json\/wp\/v2\/comments?post=734"}],"version-history":[{"count":2,"href":"https:\/\/fabijennas-seeleninsel.de\/wordpress\/wp-json\/wp\/v2\/posts\/734\/revisions"}],"predecessor-version":[{"id":814,"href":"https:\/\/fabijennas-seeleninsel.de\/wordpress\/wp-json\/wp\/v2\/posts\/734\/revisions\/814"}],"wp:featuredmedia":[{"embeddable":true,"href":"https:\/\/fabijennas-seeleninsel.de\/wordpress\/wp-json\/wp\/v2\/media\/735"}],"wp:attachment":[{"href":"https:\/\/fabijennas-seeleninsel.de\/wordpress\/wp-json\/wp\/v2\/media?parent=734"}],"wp:term":[{"taxonomy":"category","embeddable":true,"href":"https:\/\/fabijennas-seeleninsel.de\/wordpress\/wp-json\/wp\/v2\/categories?post=734"},{"taxonomy":"post_tag","embeddable":true,"href":"https:\/\/fabijennas-seeleninsel.de\/wordpress\/wp-json\/wp\/v2\/tags?post=734"}],"curies":[{"name":"wp","href":"https:\/\/api.w.org\/{rel}","templated":true}]}}