{"id":824,"date":"2014-10-11T23:31:48","date_gmt":"2014-10-11T21:31:48","guid":{"rendered":"http:\/\/fabijennas-seeleninsel.de\/wordpress\/?p=824"},"modified":"2015-02-18T23:46:29","modified_gmt":"2015-02-18T21:46:29","slug":"der-weg-zu-deine-innere-mitte","status":"publish","type":"post","link":"https:\/\/fabijennas-seeleninsel.de\/wordpress\/der-weg-zu-deine-innere-mitte\/","title":{"rendered":"Der Weg zu deine innere Mitte"},"content":{"rendered":"<p>Kraftstein: Der Weg zu deine innere Mitte<\/p>\n<p>Der Ort in dem du dich Geborgen f\u00fchlst ist in dir drin und nicht um dich herum.<br \/>\nBesuche diese Ort der der Liebe so oft wie du kannst.<br \/>\nDer weg dorthin ist voller bunte Farben.<br \/>\nIch w\u00fcnsche dir eine gesegnete Reise zu deiner innere Mitte.<\/p>\n<p>Flu\u00dfsteingr\u00f6\u00dfe: 12x10cm<\/p>\n<p>Energieausgleuch: 38 Euro<\/p>\n<p>&nbsp;<\/p>\n<p><a href=\"http:\/\/fabijennas-seeleninsel.de\/wordpress\/wp-content\/uploads\/2014\/10\/IMG_1496.jpg\"><img loading=\"lazy\" class=\"alignnone size-medium wp-image-825\" src=\"http:\/\/fabijennas-seeleninsel.de\/wordpress\/wp-content\/uploads\/2014\/10\/IMG_1496-300x200.jpg\" alt=\"IMG_1496\" width=\"300\" height=\"200\" \/><\/a><\/p>\n<p>&nbsp;<\/p>\n","protected":false},"excerpt":{"rendered":"<p>Kraftstein: Der Weg zu deine innere Mitte Der Ort in dem du dich Geborgen f\u00fchlst ist in dir drin und nicht um dich herum. Besuche diese Ort der der Liebe so oft wie du kannst. Der weg dorthin ist voller bunte Farben. Ich w\u00fcnsche dir eine gesegnete Reise zu deiner innere Mitte. Flu\u00dfsteingr\u00f6\u00dfe: 12x10cm Energieausgleuch: [&hellip;]<\/p>\n","protected":false},"author":3,"featured_media":825,"comment_status":"closed","ping_status":"open","sticky":false,"template":"","format":"standard","meta":{"_et_pb_use_builder":"","_et_pb_old_content":"","_et_gb_content_width":""},"categories":[14],"tags":[],"_links":{"self":[{"href":"https:\/\/fabijennas-seeleninsel.de\/wordpress\/wp-json\/wp\/v2\/posts\/824"}],"collection":[{"href":"https:\/\/fabijennas-seeleninsel.de\/wordpress\/wp-json\/wp\/v2\/posts"}],"about":[{"href":"https:\/\/fabijennas-seeleninsel.de\/wordpress\/wp-json\/wp\/v2\/types\/post"}],"author":[{"embeddable":true,"href":"https:\/\/fabijennas-seeleninsel.de\/wordpress\/wp-json\/wp\/v2\/users\/3"}],"replies":[{"embeddable":true,"href":"https:\/\/fabijennas-seeleninsel.de\/wordpress\/wp-json\/wp\/v2\/comments?post=824"}],"version-history":[{"count":1,"href":"https:\/\/fabijennas-seeleninsel.de\/wordpress\/wp-json\/wp\/v2\/posts\/824\/revisions"}],"predecessor-version":[{"id":826,"href":"https:\/\/fabijennas-seeleninsel.de\/wordpress\/wp-json\/wp\/v2\/posts\/824\/revisions\/826"}],"wp:featuredmedia":[{"embeddable":true,"href":"https:\/\/fabijennas-seeleninsel.de\/wordpress\/wp-json\/wp\/v2\/media\/825"}],"wp:attachment":[{"href":"https:\/\/fabijennas-seeleninsel.de\/wordpress\/wp-json\/wp\/v2\/media?parent=824"}],"wp:term":[{"taxonomy":"category","embeddable":true,"href":"https:\/\/fabijennas-seeleninsel.de\/wordpress\/wp-json\/wp\/v2\/categories?post=824"},{"taxonomy":"post_tag","embeddable":true,"href":"https:\/\/fabijennas-seeleninsel.de\/wordpress\/wp-json\/wp\/v2\/tags?post=824"}],"curies":[{"name":"wp","href":"https:\/\/api.w.org\/{rel}","templated":true}]}}